{"id":14020,"date":"2026-02-22T17:42:31","date_gmt":"2026-02-22T17:42:31","guid":{"rendered":"https:\/\/www.appeltrans.com\/?p=14020"},"modified":"2026-02-22T17:42:36","modified_gmt":"2026-02-22T17:42:36","slug":"transitaire-maroc-2","status":"publish","type":"post","link":"https:\/\/www.appeltrans.com\/en\/2026\/02\/22\/transitaire-maroc-2\/","title":{"rendered":"Le R\u00f4le du Transitaire : L&#8217;Architecte de votre Logistique Internationale"},"content":{"rendered":"<p>Le m\u00e9tier de <a href=\"https:\/\/www.appeltrans.com\/en\/2025\/05\/22\/transitaire-casablanca\/\"><strong>transitaire<\/strong> <\/a>constitue le pivot central des \u00e9changes commerciaux mondiaux. <strong>Qu&#8217;il s&#8217;agisse<\/strong> d&#8217;importation ou d&#8217;exportation, ce commissionnaire de transport organise pour vous l&#8217;int\u00e9gralit\u00e9 du voyage de vos marchandises. <strong>C&#8217;est pourquoi<\/strong> faire appel \u00e0 un expert du transit est souvent la cl\u00e9 d&#8217;une supply chain r\u00e9ussie et sans impr\u00e9vus.<\/p>\n\n\n\n<hr class=\"wp-block-separator has-alpha-channel-opacity\"\/>\n\n\n\n<h2 class=\"wp-block-heading\" id=\"h-pourquoi-confier-vos-expeditions-a-un-transitaire\">Pourquoi confier vos exp\u00e9ditions \u00e0 un transitaire ?<\/h2>\n\n\n\n<p><strong>Il faut savoir que<\/strong> le transport de marchandises ne se limite pas au simple d\u00e9placement d&#8217;un point A vers un point B. <strong>En effet<\/strong>, la complexit\u00e9 des r\u00e9glementations et la multiplicit\u00e9 des acteurs demandent une coordination sans faille. <strong>Gr\u00e2ce \u00e0<\/strong> son expertise, le transitaire simplifie chaque \u00e9tape du processus pour le chargeur.<\/p>\n\n\n\n<h3 class=\"wp-block-heading\" id=\"h-les-missions-principales-a-retenir\">Les missions principales \u00e0 retenir :<\/h3>\n\n\n\n<ul class=\"wp-block-list\">\n<li><strong>La coordination multimodale :<\/strong> Il combine la route, la mer et l&#8217;a\u00e9rien pour optimiser les trajets.<\/li>\n\n\n\n<li><strong>La gestion documentaire :<\/strong> Ce professionnel pr\u00e9pare l&#8217;ensemble des titres de transport n\u00e9cessaires.<\/li>\n\n\n\n<li><strong>La n\u00e9gociation des tarifs :<\/strong> Son volume d&#8217;affaires lui permet d&#8217;obtenir des taux de fret pr\u00e9f\u00e9rentiels.<\/li>\n<\/ul>\n\n\n\n<hr class=\"wp-block-separator has-alpha-channel-opacity\"\/>\n\n\n\n<h2 class=\"wp-block-heading\" id=\"h-le-transitaire-un-expert-en-douane-et-conformite\">Le transitaire : un expert en douane et conformit\u00e9<\/h2>\n\n\n\n<p><strong>En plus de<\/strong> l&#8217;organisation technique, le transitaire joue un r\u00f4le de conseil strat\u00e9gique. <strong>Puisque<\/strong> les barri\u00e8res tarifaires et les normes changent r\u00e9guli\u00e8rement, sa veille juridique est un atout pr\u00e9cieux pour \u00e9viter les blocages en fronti\u00e8re.<\/p>\n\n\n\n<figure class=\"wp-block-image size-large\"><img fetchpriority=\"high\" decoding=\"async\" width=\"1024\" height=\"576\" src=\"https:\/\/www.appeltrans.com\/wp-content\/uploads\/2024\/10\/douane-maroc-1024x576.jpg\" alt=\"Transitaire maroc transit au maroc transit maroc maroc transit transit et dedouanement Le transitaire au Maroc joue un r\u00f4le central dans la gestion du transport international des marchandises. En tant qu\u2019interm\u00e9diaire entre les exp\u00e9diteurs et les autorit\u00e9s douani\u00e8res, transitaire maroc\" class=\"wp-image-13241\" srcset=\"https:\/\/www.appeltrans.com\/wp-content\/uploads\/2024\/10\/douane-maroc-1024x576.jpg 1024w, https:\/\/www.appeltrans.com\/wp-content\/uploads\/2024\/10\/douane-maroc-300x169.jpg 300w, https:\/\/www.appeltrans.com\/wp-content\/uploads\/2024\/10\/douane-maroc-768x432.jpg 768w, https:\/\/www.appeltrans.com\/wp-content\/uploads\/2024\/10\/douane-maroc-18x10.jpg 18w, https:\/\/www.appeltrans.com\/wp-content\/uploads\/2024\/10\/douane-maroc.jpg 1200w\" sizes=\"(max-width: 1024px) 100vw, 1024px\" \/><\/figure>\n\n\n\n<h3 class=\"wp-block-heading\" id=\"h-1-le-dedouanement-des-marchandises\">1. Le d\u00e9douanement des marchandises<\/h3>\n\n\n\n<p><strong>D&#8217;abord<\/strong>, le passage en douane est une \u00e9tape critique qui peut g\u00e9n\u00e9rer des co\u00fbts importants s&#8217;il est mal g\u00e9r\u00e9. <strong>Toutefois<\/strong>, un bon transitaire anticipe les droits et taxes pour fluidifier le passage des cargaisons.<\/p>\n\n\n\n<h3 class=\"wp-block-heading\" id=\"h-2-la-gestion-des-assurances\">2. La gestion des assurances<\/h3>\n\n\n\n<p><strong>Ensuite<\/strong>, il propose des solutions d&#8217;assurance &#8220;Ad Valorem&#8221; pour couvrir la valeur r\u00e9elle de vos produits. <strong>Par cons\u00e9quent<\/strong>, vous \u00eates prot\u00e9g\u00e9 contre les al\u00e9as du transport, qu&#8217;il s&#8217;agisse de casse, de perte ou de vol.<\/p>\n\n\n\n<hr class=\"wp-block-separator has-alpha-channel-opacity\"\/>\n\n\n\n<h2 class=\"wp-block-heading\" id=\"h-comment-bien-choisir-son-commissionnaire-de-transport\">Comment bien choisir son commissionnaire de transport ?<\/h2>\n\n\n\n<p><strong>De nos jours<\/strong>, l&#8217;offre de services est vaste et il est parfois difficile de s&#8217;y retrouver. <strong>N\u00e9anmoins<\/strong>, certains crit\u00e8res de s\u00e9lection permettent de distinguer les partenaires les plus fiables sur le march\u00e9.<\/p>\n\n\n\n<ul class=\"wp-block-list\">\n<li><strong>Le r\u00e9seau d&#8217;agents :<\/strong> Un transitaire doit poss\u00e9der des correspondants solides dans les pays d&#8217;origine et de destination.<\/li>\n\n\n\n<li><strong>La r\u00e9activit\u00e9 digitale :<\/strong> L&#8217;utilisation de plateformes comme<a href=\"https:\/\/www.appeltrans.com\/en\/\"> <strong>AppelTrans<\/strong><\/a> permet d&#8217;\u00e9changer des informations en temps r\u00e9el.<\/li>\n\n\n\n<li><strong>Les certifications :<\/strong> Les labels de qualit\u00e9 garantissent le respect des standards de s\u00e9curit\u00e9 internationaux.<\/li>\n<\/ul>\n\n\n\n<hr class=\"wp-block-separator has-alpha-channel-opacity\"\/>\n\n\n\n<h2 class=\"wp-block-heading\" id=\"h-l-avenir-du-transit-a-l-ere-du-numerique\">L&#8217;avenir du transit \u00e0 l&#8217;\u00e8re du num\u00e9rique<\/h2>\n\n\n\n<p><strong>Dans un futur proche<\/strong>, la profession va continuer de se transformer sous l&#8217;impulsion de la data. <strong>D\u00e8s lors<\/strong>, le transitaire ne sera plus seulement un organisateur de transport, mais un v\u00e9ritable analyste de donn\u00e9es logistiques. <strong>Gr\u00e2ce aux<\/strong> nouveaux outils num\u00e9riques, la visibilit\u00e9 sur les flux devient totale, permettant une gestion &#8220;juste \u00e0 temps&#8221; de plus en plus pr\u00e9cise.<\/p>\n\n\n\n<hr class=\"wp-block-separator has-alpha-channel-opacity\"\/>\n\n\n\n<h2 class=\"wp-block-heading\" id=\"h-conclusion-un-partenaire-de-croissance-indispensable\">Conclusion : Un partenaire de croissance indispensable<\/h2>\n\n\n\n<p><strong>En r\u00e9sum\u00e9<\/strong>, le transitaire est bien plus qu&#8217;un simple interm\u00e9diaire. <strong>En tant que<\/strong> chef d&#8217;orchestre de vos exp\u00e9ditions, il s\u00e9curise vos flux financiers et mat\u00e9riels. <strong>D\u00e8s maintenant<\/strong>, int\u00e9grer un transitaire comp\u00e9tent dans votre strat\u00e9gie est le meilleur moyen de conqu\u00e9rir de nouveaux march\u00e9s avec s\u00e9r\u00e9nit\u00e9.<\/p>\n\n\n\n<p><a href=\"https:\/\/www.linkedin.com\/company\/appel-trans\/?originalSubdomain=ma\">LinkedIn<\/a><\/p>","protected":false},"excerpt":{"rendered":"<p>Le m\u00e9tier de transitaire constitue le pivot central des \u00e9changes commerciaux mondiaux. Qu&#8217;il s&#8217;agisse d&#8217;importation ou d&#8217;exportation, ce commissionnaire de transport organise pour vous l&#8217;int\u00e9gralit\u00e9 du voyage de vos marchandises. C&#8217;est pourquoi faire appel \u00e0 un expert du transit est souvent la cl\u00e9 d&#8217;une supply chain r\u00e9ussie et sans impr\u00e9vus. Pourquoi confier vos exp\u00e9ditions \u00e0&#8230;<\/p>","protected":false},"author":3,"featured_media":0,"comment_status":"open","ping_status":"open","sticky":false,"template":"","format":"standard","meta":{"footnotes":""},"categories":[224],"tags":[],"class_list":["post-14020","post","type-post","status-publish","format-standard","hentry","category-uncategorized-fr","fav-blog blog-single"],"yoast_head":"<!-- This site is optimized with the Yoast SEO Premium plugin v24.4 (Yoast SEO v27.5) - https:\/\/yoast.com\/product\/yoast-seo-premium-wordpress\/ -->\n<title>transitaire maroc- APPELTRANS<\/title>\n<meta name=\"description\" content=\"Le m\u00e9tier de transitaire constitue le pivot central des \u00e9changes commerciaux mondiaux. Qu&#039;il s&#039;agisse d&#039;importation ou d&#039;exportation,\" \/>\n<meta name=\"robots\" content=\"index, follow, max-snippet:-1, max-image-preview:large, max-video-preview:-1\" \/>\n<link rel=\"canonical\" href=\"https:\/\/www.appeltrans.com\/en\/2026\/02\/22\/transitaire-maroc-2\/\" \/>\n<meta property=\"og:locale\" content=\"en_US\" \/>\n<meta property=\"og:type\" content=\"article\" \/>\n<meta property=\"og:title\" content=\"Le R\u00f4le du Transitaire : L&#039;Architecte de votre Logistique Internationale\" \/>\n<meta property=\"og:description\" content=\"Le m\u00e9tier de transitaire constitue le pivot central des \u00e9changes commerciaux mondiaux. Qu&#039;il s&#039;agisse d&#039;importation ou d&#039;exportation,\" \/>\n<meta property=\"og:url\" content=\"https:\/\/www.appeltrans.com\/en\/2026\/02\/22\/transitaire-maroc-2\/\" \/>\n<meta property=\"og:site_name\" content=\"APPELTRANS\" \/>\n<meta property=\"article:published_time\" content=\"2026-02-22T17:42:31+00:00\" \/>\n<meta property=\"article:modified_time\" content=\"2026-02-22T17:42:36+00:00\" \/>\n<meta property=\"og:image\" content=\"https:\/\/www.appeltrans.com\/wp-content\/uploads\/2024\/10\/douane-maroc.jpg\" \/>\n\t<meta property=\"og:image:width\" content=\"1200\" \/>\n\t<meta property=\"og:image:height\" content=\"675\" \/>\n\t<meta property=\"og:image:type\" content=\"image\/jpeg\" \/>\n<meta name=\"author\" content=\"Iliass Ouchida\" \/>\n<meta name=\"twitter:card\" content=\"summary_large_image\" \/>\n<meta name=\"twitter:label1\" content=\"Written by\" \/>\n\t<meta name=\"twitter:data1\" content=\"Iliass Ouchida\" \/>\n\t<meta name=\"twitter:label2\" content=\"Est. reading time\" \/>\n\t<meta name=\"twitter:data2\" content=\"3 minutes\" \/>\n<script type=\"application\/ld+json\" class=\"yoast-schema-graph\">{\"@context\":\"https:\\\/\\\/schema.org\",\"@graph\":[{\"@type\":\"Article\",\"@id\":\"https:\\\/\\\/www.appeltrans.com\\\/2026\\\/02\\\/22\\\/transitaire-maroc-2\\\/#article\",\"isPartOf\":{\"@id\":\"https:\\\/\\\/www.appeltrans.com\\\/2026\\\/02\\\/22\\\/transitaire-maroc-2\\\/\"},\"author\":{\"name\":\"Iliass Ouchida\",\"@id\":\"https:\\\/\\\/www.appeltrans.com\\\/#\\\/schema\\\/person\\\/c86eaff08dcd4f7baaec55746a9413cf\"},\"headline\":\"Le R\u00f4le du Transitaire : L&#8217;Architecte de votre Logistique Internationale\",\"datePublished\":\"2026-02-22T17:42:31+00:00\",\"dateModified\":\"2026-02-22T17:42:36+00:00\",\"mainEntityOfPage\":{\"@id\":\"https:\\\/\\\/www.appeltrans.com\\\/2026\\\/02\\\/22\\\/transitaire-maroc-2\\\/\"},\"wordCount\":570,\"commentCount\":0,\"publisher\":{\"@id\":\"https:\\\/\\\/www.appeltrans.com\\\/#organization\"},\"image\":{\"@id\":\"https:\\\/\\\/www.appeltrans.com\\\/2026\\\/02\\\/22\\\/transitaire-maroc-2\\\/#primaryimage\"},\"thumbnailUrl\":\"https:\\\/\\\/www.appeltrans.com\\\/wp-content\\\/uploads\\\/2024\\\/10\\\/douane-maroc-1024x576.jpg\",\"inLanguage\":\"en-US\",\"potentialAction\":[{\"@type\":\"CommentAction\",\"name\":\"Comment\",\"target\":[\"https:\\\/\\\/www.appeltrans.com\\\/2026\\\/02\\\/22\\\/transitaire-maroc-2\\\/#respond\"]}]},{\"@type\":\"WebPage\",\"@id\":\"https:\\\/\\\/www.appeltrans.com\\\/2026\\\/02\\\/22\\\/transitaire-maroc-2\\\/\",\"url\":\"https:\\\/\\\/www.appeltrans.com\\\/2026\\\/02\\\/22\\\/transitaire-maroc-2\\\/\",\"name\":\"transitaire maroc- APPELTRANS\",\"isPartOf\":{\"@id\":\"https:\\\/\\\/www.appeltrans.com\\\/#website\"},\"primaryImageOfPage\":{\"@id\":\"https:\\\/\\\/www.appeltrans.com\\\/2026\\\/02\\\/22\\\/transitaire-maroc-2\\\/#primaryimage\"},\"image\":{\"@id\":\"https:\\\/\\\/www.appeltrans.com\\\/2026\\\/02\\\/22\\\/transitaire-maroc-2\\\/#primaryimage\"},\"thumbnailUrl\":\"https:\\\/\\\/www.appeltrans.com\\\/wp-content\\\/uploads\\\/2024\\\/10\\\/douane-maroc-1024x576.jpg\",\"datePublished\":\"2026-02-22T17:42:31+00:00\",\"dateModified\":\"2026-02-22T17:42:36+00:00\",\"description\":\"Le m\u00e9tier de transitaire constitue le pivot central des \u00e9changes commerciaux mondiaux. Qu'il s'agisse d'importation ou d'exportation,\",\"breadcrumb\":{\"@id\":\"https:\\\/\\\/www.appeltrans.com\\\/2026\\\/02\\\/22\\\/transitaire-maroc-2\\\/#breadcrumb\"},\"inLanguage\":\"en-US\",\"potentialAction\":[{\"@type\":\"ReadAction\",\"target\":[\"https:\\\/\\\/www.appeltrans.com\\\/2026\\\/02\\\/22\\\/transitaire-maroc-2\\\/\"]}]},{\"@type\":\"ImageObject\",\"inLanguage\":\"en-US\",\"@id\":\"https:\\\/\\\/www.appeltrans.com\\\/2026\\\/02\\\/22\\\/transitaire-maroc-2\\\/#primaryimage\",\"url\":\"https:\\\/\\\/www.appeltrans.com\\\/wp-content\\\/uploads\\\/2024\\\/10\\\/douane-maroc-1024x576.jpg\",\"contentUrl\":\"https:\\\/\\\/www.appeltrans.com\\\/wp-content\\\/uploads\\\/2024\\\/10\\\/douane-maroc-1024x576.jpg\"},{\"@type\":\"BreadcrumbList\",\"@id\":\"https:\\\/\\\/www.appeltrans.com\\\/2026\\\/02\\\/22\\\/transitaire-maroc-2\\\/#breadcrumb\",\"itemListElement\":[{\"@type\":\"ListItem\",\"position\":1,\"name\":\"Home\",\"item\":\"https:\\\/\\\/www.appeltrans.com\\\/\"},{\"@type\":\"ListItem\",\"position\":2,\"name\":\"Le R\u00f4le du Transitaire : L&#8217;Architecte de votre Logistique Internationale\"}]},{\"@type\":\"WebSite\",\"@id\":\"https:\\\/\\\/www.appeltrans.com\\\/#website\",\"url\":\"https:\\\/\\\/www.appeltrans.com\\\/\",\"name\":\"APPELTRANS\",\"description\":\"transport international- transit maroc-transport routier maroc- transport national\",\"publisher\":{\"@id\":\"https:\\\/\\\/www.appeltrans.com\\\/#organization\"},\"potentialAction\":[{\"@type\":\"SearchAction\",\"target\":{\"@type\":\"EntryPoint\",\"urlTemplate\":\"https:\\\/\\\/www.appeltrans.com\\\/?s={search_term_string}\"},\"query-input\":{\"@type\":\"PropertyValueSpecification\",\"valueRequired\":true,\"valueName\":\"search_term_string\"}}],\"inLanguage\":\"en-US\"},{\"@type\":\"Organization\",\"@id\":\"https:\\\/\\\/www.appeltrans.com\\\/#organization\",\"name\":\"APPELTRANS\",\"url\":\"https:\\\/\\\/www.appeltrans.com\\\/\",\"logo\":{\"@type\":\"ImageObject\",\"inLanguage\":\"en-US\",\"@id\":\"https:\\\/\\\/www.appeltrans.com\\\/#\\\/schema\\\/logo\\\/image\\\/\",\"url\":\"https:\\\/\\\/www.appeltrans.com\\\/wp-content\\\/uploads\\\/2024\\\/10\\\/cropped-logo.png\",\"contentUrl\":\"https:\\\/\\\/www.appeltrans.com\\\/wp-content\\\/uploads\\\/2024\\\/10\\\/cropped-logo.png\",\"width\":512,\"height\":512,\"caption\":\"APPELTRANS\"},\"image\":{\"@id\":\"https:\\\/\\\/www.appeltrans.com\\\/#\\\/schema\\\/logo\\\/image\\\/\"},\"publishingPrinciples\":\"https:\\\/\\\/www.appeltrans.com\\\/\"},{\"@type\":\"Person\",\"@id\":\"https:\\\/\\\/www.appeltrans.com\\\/#\\\/schema\\\/person\\\/c86eaff08dcd4f7baaec55746a9413cf\",\"name\":\"Iliass Ouchida\",\"image\":{\"@type\":\"ImageObject\",\"inLanguage\":\"en-US\",\"@id\":\"https:\\\/\\\/secure.gravatar.com\\\/avatar\\\/9d97b51425d0f56ef6d6f35041d7949c0dbfda23c41e229a0ceed392cff635c9?s=96&d=mm&r=g\",\"url\":\"https:\\\/\\\/secure.gravatar.com\\\/avatar\\\/9d97b51425d0f56ef6d6f35041d7949c0dbfda23c41e229a0ceed392cff635c9?s=96&d=mm&r=g\",\"contentUrl\":\"https:\\\/\\\/secure.gravatar.com\\\/avatar\\\/9d97b51425d0f56ef6d6f35041d7949c0dbfda23c41e229a0ceed392cff635c9?s=96&d=mm&r=g\",\"caption\":\"Iliass Ouchida\"},\"url\":\"https:\\\/\\\/www.appeltrans.com\\\/en\\\/author\\\/appeltrans-2\\\/\"}]}<\/script>\n<!-- \/ Yoast SEO Premium plugin. -->","yoast_head_json":{"title":"transitaire maroc- APPELTRANS","description":"Le m\u00e9tier de transitaire constitue le pivot central des \u00e9changes commerciaux mondiaux. Qu'il s'agisse d'importation ou d'exportation,","robots":{"index":"index","follow":"follow","max-snippet":"max-snippet:-1","max-image-preview":"max-image-preview:large","max-video-preview":"max-video-preview:-1"},"canonical":"https:\/\/www.appeltrans.com\/en\/2026\/02\/22\/transitaire-maroc-2\/","og_locale":"en_US","og_type":"article","og_title":"Le R\u00f4le du Transitaire : L'Architecte de votre Logistique Internationale","og_description":"Le m\u00e9tier de transitaire constitue le pivot central des \u00e9changes commerciaux mondiaux. Qu'il s'agisse d'importation ou d'exportation,","og_url":"https:\/\/www.appeltrans.com\/en\/2026\/02\/22\/transitaire-maroc-2\/","og_site_name":"APPELTRANS","article_published_time":"2026-02-22T17:42:31+00:00","article_modified_time":"2026-02-22T17:42:36+00:00","og_image":[{"width":1200,"height":675,"url":"https:\/\/www.appeltrans.com\/wp-content\/uploads\/2024\/10\/douane-maroc.jpg","type":"image\/jpeg"}],"author":"Iliass Ouchida","twitter_card":"summary_large_image","twitter_misc":{"Written by":"Iliass Ouchida","Est. reading time":"3 minutes"},"schema":{"@context":"https:\/\/schema.org","@graph":[{"@type":"Article","@id":"https:\/\/www.appeltrans.com\/2026\/02\/22\/transitaire-maroc-2\/#article","isPartOf":{"@id":"https:\/\/www.appeltrans.com\/2026\/02\/22\/transitaire-maroc-2\/"},"author":{"name":"Iliass Ouchida","@id":"https:\/\/www.appeltrans.com\/#\/schema\/person\/c86eaff08dcd4f7baaec55746a9413cf"},"headline":"Le R\u00f4le du Transitaire : L&#8217;Architecte de votre Logistique Internationale","datePublished":"2026-02-22T17:42:31+00:00","dateModified":"2026-02-22T17:42:36+00:00","mainEntityOfPage":{"@id":"https:\/\/www.appeltrans.com\/2026\/02\/22\/transitaire-maroc-2\/"},"wordCount":570,"commentCount":0,"publisher":{"@id":"https:\/\/www.appeltrans.com\/#organization"},"image":{"@id":"https:\/\/www.appeltrans.com\/2026\/02\/22\/transitaire-maroc-2\/#primaryimage"},"thumbnailUrl":"https:\/\/www.appeltrans.com\/wp-content\/uploads\/2024\/10\/douane-maroc-1024x576.jpg","inLanguage":"en-US","potentialAction":[{"@type":"CommentAction","name":"Comment","target":["https:\/\/www.appeltrans.com\/2026\/02\/22\/transitaire-maroc-2\/#respond"]}]},{"@type":"WebPage","@id":"https:\/\/www.appeltrans.com\/2026\/02\/22\/transitaire-maroc-2\/","url":"https:\/\/www.appeltrans.com\/2026\/02\/22\/transitaire-maroc-2\/","name":"transitaire maroc- APPELTRANS","isPartOf":{"@id":"https:\/\/www.appeltrans.com\/#website"},"primaryImageOfPage":{"@id":"https:\/\/www.appeltrans.com\/2026\/02\/22\/transitaire-maroc-2\/#primaryimage"},"image":{"@id":"https:\/\/www.appeltrans.com\/2026\/02\/22\/transitaire-maroc-2\/#primaryimage"},"thumbnailUrl":"https:\/\/www.appeltrans.com\/wp-content\/uploads\/2024\/10\/douane-maroc-1024x576.jpg","datePublished":"2026-02-22T17:42:31+00:00","dateModified":"2026-02-22T17:42:36+00:00","description":"Le m\u00e9tier de transitaire constitue le pivot central des \u00e9changes commerciaux mondiaux. Qu'il s'agisse d'importation ou d'exportation,","breadcrumb":{"@id":"https:\/\/www.appeltrans.com\/2026\/02\/22\/transitaire-maroc-2\/#breadcrumb"},"inLanguage":"en-US","potentialAction":[{"@type":"ReadAction","target":["https:\/\/www.appeltrans.com\/2026\/02\/22\/transitaire-maroc-2\/"]}]},{"@type":"ImageObject","inLanguage":"en-US","@id":"https:\/\/www.appeltrans.com\/2026\/02\/22\/transitaire-maroc-2\/#primaryimage","url":"https:\/\/www.appeltrans.com\/wp-content\/uploads\/2024\/10\/douane-maroc-1024x576.jpg","contentUrl":"https:\/\/www.appeltrans.com\/wp-content\/uploads\/2024\/10\/douane-maroc-1024x576.jpg"},{"@type":"BreadcrumbList","@id":"https:\/\/www.appeltrans.com\/2026\/02\/22\/transitaire-maroc-2\/#breadcrumb","itemListElement":[{"@type":"ListItem","position":1,"name":"Home","item":"https:\/\/www.appeltrans.com\/"},{"@type":"ListItem","position":2,"name":"Le R\u00f4le du Transitaire : L&#8217;Architecte de votre Logistique Internationale"}]},{"@type":"WebSite","@id":"https:\/\/www.appeltrans.com\/#website","url":"https:\/\/www.appeltrans.com\/","name":"APPELTRANS","description":"transport international- transit maroc-transport routier maroc- transport national","publisher":{"@id":"https:\/\/www.appeltrans.com\/#organization"},"potentialAction":[{"@type":"SearchAction","target":{"@type":"EntryPoint","urlTemplate":"https:\/\/www.appeltrans.com\/?s={search_term_string}"},"query-input":{"@type":"PropertyValueSpecification","valueRequired":true,"valueName":"search_term_string"}}],"inLanguage":"en-US"},{"@type":"Organization","@id":"https:\/\/www.appeltrans.com\/#organization","name":"APPELTRANS","url":"https:\/\/www.appeltrans.com\/","logo":{"@type":"ImageObject","inLanguage":"en-US","@id":"https:\/\/www.appeltrans.com\/#\/schema\/logo\/image\/","url":"https:\/\/www.appeltrans.com\/wp-content\/uploads\/2024\/10\/cropped-logo.png","contentUrl":"https:\/\/www.appeltrans.com\/wp-content\/uploads\/2024\/10\/cropped-logo.png","width":512,"height":512,"caption":"APPELTRANS"},"image":{"@id":"https:\/\/www.appeltrans.com\/#\/schema\/logo\/image\/"},"publishingPrinciples":"https:\/\/www.appeltrans.com\/"},{"@type":"Person","@id":"https:\/\/www.appeltrans.com\/#\/schema\/person\/c86eaff08dcd4f7baaec55746a9413cf","name":"Iliass Ouchida","image":{"@type":"ImageObject","inLanguage":"en-US","@id":"https:\/\/secure.gravatar.com\/avatar\/9d97b51425d0f56ef6d6f35041d7949c0dbfda23c41e229a0ceed392cff635c9?s=96&d=mm&r=g","url":"https:\/\/secure.gravatar.com\/avatar\/9d97b51425d0f56ef6d6f35041d7949c0dbfda23c41e229a0ceed392cff635c9?s=96&d=mm&r=g","contentUrl":"https:\/\/secure.gravatar.com\/avatar\/9d97b51425d0f56ef6d6f35041d7949c0dbfda23c41e229a0ceed392cff635c9?s=96&d=mm&r=g","caption":"Iliass Ouchida"},"url":"https:\/\/www.appeltrans.com\/en\/author\/appeltrans-2\/"}]}},"_links":{"self":[{"href":"https:\/\/www.appeltrans.com\/en\/wp-json\/wp\/v2\/posts\/14020","targetHints":{"allow":["GET"]}}],"collection":[{"href":"https:\/\/www.appeltrans.com\/en\/wp-json\/wp\/v2\/posts"}],"about":[{"href":"https:\/\/www.appeltrans.com\/en\/wp-json\/wp\/v2\/types\/post"}],"author":[{"embeddable":true,"href":"https:\/\/www.appeltrans.com\/en\/wp-json\/wp\/v2\/users\/3"}],"replies":[{"embeddable":true,"href":"https:\/\/www.appeltrans.com\/en\/wp-json\/wp\/v2\/comments?post=14020"}],"version-history":[{"count":1,"href":"https:\/\/www.appeltrans.com\/en\/wp-json\/wp\/v2\/posts\/14020\/revisions"}],"predecessor-version":[{"id":14021,"href":"https:\/\/www.appeltrans.com\/en\/wp-json\/wp\/v2\/posts\/14020\/revisions\/14021"}],"wp:attachment":[{"href":"https:\/\/www.appeltrans.com\/en\/wp-json\/wp\/v2\/media?parent=14020"}],"wp:term":[{"taxonomy":"category","embeddable":true,"href":"https:\/\/www.appeltrans.com\/en\/wp-json\/wp\/v2\/categories?post=14020"},{"taxonomy":"post_tag","embeddable":true,"href":"https:\/\/www.appeltrans.com\/en\/wp-json\/wp\/v2\/tags?post=14020"}],"curies":[{"name":"wp","href":"https:\/\/api.w.org\/{rel}","templated":true}]}}