{"id":14018,"date":"2026-02-22T17:35:57","date_gmt":"2026-02-22T17:35:57","guid":{"rendered":"https:\/\/www.appeltrans.com\/?p=14018"},"modified":"2026-02-22T17:36:02","modified_gmt":"2026-02-22T17:36:02","slug":"transport-maritime","status":"publish","type":"post","link":"https:\/\/www.appeltrans.com\/en\/2026\/02\/22\/transport-maritime\/","title":{"rendered":"Transport Maritime : Optimisez vos Importations et Exportations Mondiales"},"content":{"rendered":"<p>Le <strong><a href=\"https:\/\/www.appeltrans.com\/en\/transport-maritime-maroc-2\/\">transport maritime<\/a><\/strong> s&#8217;impose aujourd&#8217;hui comme le pilier central du commerce international. <strong>\u00c9tant donn\u00e9 que<\/strong> plus de 80 % des marchandises mondiales transitent par les mers, cette solution logistique offre une capacit\u00e9 de chargement in\u00e9gal\u00e9e \u00e0 des co\u00fbts tr\u00e8s comp\u00e9titifs. <strong>C\u2019est pourquoi<\/strong> la ma\u00eetrise des flux maritimes est devenue une priorit\u00e9 pour les entreprises souhaitant se d\u00e9velopper \u00e0 l&#8217;\u00e9chelle globale.<\/p>\n\n\n\n<hr class=\"wp-block-separator has-alpha-channel-opacity\"\/>\n\n\n\n<h2 class=\"wp-block-heading\" id=\"h-pourquoi-privilegier-le-fret-maritime-pour-vos-marchandises\">Pourquoi privil\u00e9gier le fret maritime pour vos marchandises ?<\/h2>\n\n\n\n<p><strong>Il faut savoir que<\/strong> le transport par voie de mer pr\u00e9sente des avantages structurels majeurs par rapport \u00e0 l&#8217;a\u00e9rien ou au routier. <strong>D&#8217;une part<\/strong>, il permet de d\u00e9placer des volumes massifs, comme des mati\u00e8res premi\u00e8res ou des \u00e9quipements industriels lourds. <strong>D&#8217;autre part<\/strong>, son impact \u00e9cologique par tonne transport\u00e9e reste l&#8217;un des plus faibles du secteur logistique.<\/p>\n\n\n\n<h3 class=\"wp-block-heading\" id=\"h-les-benefices-cles-a-retenir\">Les b\u00e9n\u00e9fices cl\u00e9s \u00e0 retenir :<\/h3>\n\n\n\n<ul class=\"wp-block-list\">\n<li><strong>\u00c9conomie d&#8217;\u00e9chelle :<\/strong> Les tarifs de fret sont nettement plus avantageux pour les longues distances.<\/li>\n\n\n\n<li><strong>S\u00e9curit\u00e9 des cargaisons :<\/strong> Les porte-conteneurs modernes limitent consid\u00e9rablement les risques de dommages.<\/li>\n\n\n\n<li><strong>Polyvalence :<\/strong> Les navires peuvent accueillir tout type de fret, du vrac liquide aux produits manufactur\u00e9s.<\/li>\n<\/ul>\n\n\n\n<hr class=\"wp-block-separator has-alpha-channel-opacity\"\/>\n\n\n\n<h2 class=\"wp-block-heading\" id=\"h-les-differents-modes-de-chargement-en-mer\">Les diff\u00e9rents modes de chargement en mer<\/h2>\n\n\n\n<p><strong>En fonction de<\/strong> votre volume de marchandises, deux options principales s&#8217;offrent \u00e0 vous. <strong>Toutefois<\/strong>, le choix final d\u00e9pendra souvent de votre budget et de l&#8217;urgence de la livraison.<\/p>\n\n\n\n<figure class=\"wp-block-image size-large\"><img fetchpriority=\"high\" decoding=\"async\" width=\"683\" height=\"1024\" src=\"https:\/\/www.appeltrans.com\/wp-content\/uploads\/2024\/10\/transport-logistics-products-683x1024.jpg\" alt=\"Transport Maritime\" class=\"wp-image-12436\" srcset=\"https:\/\/www.appeltrans.com\/wp-content\/uploads\/2024\/10\/transport-logistics-products-683x1024.jpg 683w, https:\/\/www.appeltrans.com\/wp-content\/uploads\/2024\/10\/transport-logistics-products-200x300.jpg 200w, https:\/\/www.appeltrans.com\/wp-content\/uploads\/2024\/10\/transport-logistics-products-768x1152.jpg 768w, https:\/\/www.appeltrans.com\/wp-content\/uploads\/2024\/10\/transport-logistics-products-1024x1536.jpg 1024w, https:\/\/www.appeltrans.com\/wp-content\/uploads\/2024\/10\/transport-logistics-products-1365x2048.jpg 1365w, https:\/\/www.appeltrans.com\/wp-content\/uploads\/2024\/10\/transport-logistics-products-scaled.jpg 1707w\" sizes=\"(max-width: 683px) 100vw, 683px\" \/><\/figure>\n\n\n\n<h3 class=\"wp-block-heading\" id=\"h-1-le-conteneur-complet-fcl\">1. Le Conteneur Complet (FCL)<\/h3>\n\n\n\n<p><strong>D&#8217;abord<\/strong>, le <em>Full Container Load<\/em> (FCL) vous permet de privatiser un conteneur entier (20 ou 40 pieds). <strong>Cette m\u00e9thode<\/strong> est id\u00e9ale pour les exp\u00e9diteurs ayant suffisamment de stock pour remplir l&#8217;unit\u00e9, garantissant ainsi un scell\u00e9 unique du d\u00e9part \u00e0 l&#8217;arriv\u00e9e.<\/p>\n\n\n\n<h3 class=\"wp-block-heading\" id=\"h-2-le-groupage-maritime-lcl\">2. Le Groupage Maritime (LCL)<\/h3>\n\n\n\n<p><strong>Ensuite<\/strong>, si votre volume est plus restreint, le <em>Less than Container Load<\/em> (LCL) est la solution pr\u00e9conis\u00e9e. <strong>Gr\u00e2ce \u00e0<\/strong> cette technique, vous partagez l&#8217;espace d&#8217;un conteneur avec d&#8217;autres clients. <strong>Par cons\u00e9quent<\/strong>, vous ne payez que pour le volume cubique r\u00e9ellement utilis\u00e9, ce qui optimise vos frais fixes.<\/p>\n\n\n\n<hr class=\"wp-block-separator has-alpha-channel-opacity\"\/>\n\n\n\n<h2 class=\"wp-block-heading\" id=\"h-la-digitalisation-au-service-du-transport-maritime\">La digitalisation au service du transport maritime<\/h2>\n\n\n\n<p><strong>De nos jours<\/strong>, la technologie simplifie la gestion des exp\u00e9ditions complexes. <strong>En effet<\/strong>, l&#8217;utilisation de plateformes sp\u00e9cialis\u00e9es comme <strong><a href=\"https:\/\/www.appeltrans.com\/en\/\">AppelTrans<\/a><\/strong> permet de connecter plus facilement les chargeurs et les prestataires de services maritimes.<\/p>\n\n\n\n<ul class=\"wp-block-list\">\n<li><strong>Suivi en temps r\u00e9el :<\/strong> Les syst\u00e8mes de tracking permettent d\u00e9sormais de localiser un navire n&#8217;importe o\u00f9 sur le globe.<\/li>\n\n\n\n<li><strong>Simplification documentaire :<\/strong> La d\u00e9mat\u00e9rialisation des documents (Bill of Lading) acc\u00e9l\u00e8re les proc\u00e9dures douani\u00e8res.<\/li>\n\n\n\n<li><strong>Optimisation des co\u00fbts :<\/strong> La comparaison instantan\u00e9e des taux de fret aide \u00e0 s\u00e9lectionner la meilleure offre du march\u00e9.<\/li>\n<\/ul>\n\n\n\n<hr class=\"wp-block-separator has-alpha-channel-opacity\"\/>\n\n\n\n<h2 class=\"wp-block-heading\" id=\"h-les-etapes-cles-d-une-expedition-maritime-reussie\">Les \u00e9tapes cl\u00e9s d&#8217;une exp\u00e9dition maritime r\u00e9ussie<\/h2>\n\n\n\n<p><strong>Avant de<\/strong> lancer une op\u00e9ration, il est crucial de bien pr\u00e9parer les aspects administratifs. <strong>N\u00e9anmoins<\/strong>, la r\u00e9ussite d&#8217;un transport maritime repose sur une collaboration \u00e9troite entre plusieurs acteurs :<\/p>\n\n\n\n<ol start=\"1\" class=\"wp-block-list\">\n<li><strong>Le choix de l&#8217;Incoterm :<\/strong> D\u00e9finir pr\u00e9cis\u00e9ment qui prend en charge les frais et les risques durant le trajet.<\/li>\n\n\n\n<li><strong>L&#8217;emballage et le calage :<\/strong> Prot\u00e9ger les marchandises contre l&#8217;humidit\u00e9 et les mouvements du navire.<\/li>\n\n\n\n<li><strong>L&#8217;assurance maritime :<\/strong> Souscrire une couverture adapt\u00e9e pour prot\u00e9ger la valeur de vos biens en cas d&#8217;avarie commune.<\/li>\n<\/ol>\n\n\n\n<hr class=\"wp-block-separator has-alpha-channel-opacity\"\/>\n\n\n\n<h2 class=\"wp-block-heading\" id=\"h-conclusion-une-vision-strategique-de-la-mer\">Conclusion : Une vision strat\u00e9gique de la mer<\/h2>\n\n\n\n<p><strong>En r\u00e9sum\u00e9<\/strong>, le transport maritime reste la solution de choix pour une logistique internationale p\u00e9renne. <strong>Gr\u00e2ce \u00e0<\/strong> la modernisation des ports et \u00e0 l&#8217;agilit\u00e9 des nouveaux outils num\u00e9riques, exp\u00e9dier vos marchandises par mer n&#8217;a jamais \u00e9t\u00e9 aussi accessible et efficace.<\/p>\n\n\n\n<p><a href=\"https:\/\/www.linkedin.com\/company\/appel-trans\/?originalSubdomain=ma\">LinkedIn<\/a><\/p>","protected":false},"excerpt":{"rendered":"<p>Le transport maritime s&#8217;impose aujourd&#8217;hui comme le pilier central du commerce international. \u00c9tant donn\u00e9 que plus de 80 % des marchandises mondiales transitent par les mers, cette solution logistique offre une capacit\u00e9 de chargement in\u00e9gal\u00e9e \u00e0 des co\u00fbts tr\u00e8s comp\u00e9titifs. C\u2019est pourquoi la ma\u00eetrise des flux maritimes est devenue une priorit\u00e9 pour les entreprises souhaitant&#8230;<\/p>","protected":false},"author":3,"featured_media":0,"comment_status":"open","ping_status":"open","sticky":false,"template":"","format":"standard","meta":{"footnotes":""},"categories":[224],"tags":[],"class_list":["post-14018","post","type-post","status-publish","format-standard","hentry","category-uncategorized-fr","fav-blog blog-single"],"yoast_head":"<!-- This site is optimized with the Yoast SEO Premium plugin v24.4 (Yoast SEO v27.5) - https:\/\/yoast.com\/product\/yoast-seo-premium-wordpress\/ -->\n<title>transport maritime - APPELTRANS<\/title>\n<meta name=\"description\" content=\"Le transport maritime s&#039;impose aujourd&#039;hui comme le pilier central du commerce international. \u00c9tant donn\u00e9 que plus de 80 % des marchandises..\" \/>\n<meta name=\"robots\" content=\"index, follow, max-snippet:-1, max-image-preview:large, max-video-preview:-1\" \/>\n<link rel=\"canonical\" href=\"https:\/\/www.appeltrans.com\/en\/2026\/02\/22\/transport-maritime\/\" \/>\n<meta property=\"og:locale\" content=\"en_US\" \/>\n<meta property=\"og:type\" content=\"article\" \/>\n<meta property=\"og:title\" content=\"Transport Maritime : Optimisez vos Importations et Exportations Mondiales\" \/>\n<meta property=\"og:description\" content=\"Le transport maritime s&#039;impose aujourd&#039;hui comme le pilier central du commerce international. \u00c9tant donn\u00e9 que plus de 80 % des marchandises..\" \/>\n<meta property=\"og:url\" content=\"https:\/\/www.appeltrans.com\/en\/2026\/02\/22\/transport-maritime\/\" \/>\n<meta property=\"og:site_name\" content=\"APPELTRANS\" \/>\n<meta property=\"article:published_time\" content=\"2026-02-22T17:35:57+00:00\" \/>\n<meta property=\"article:modified_time\" content=\"2026-02-22T17:36:02+00:00\" \/>\n<meta property=\"og:image\" content=\"https:\/\/www.appeltrans.com\/wp-content\/uploads\/2024\/10\/transport-logistics-products-scaled.jpg\" \/>\n\t<meta property=\"og:image:width\" content=\"1707\" \/>\n\t<meta property=\"og:image:height\" content=\"2560\" \/>\n\t<meta property=\"og:image:type\" content=\"image\/jpeg\" \/>\n<meta name=\"author\" content=\"Iliass Ouchida\" \/>\n<meta name=\"twitter:card\" content=\"summary_large_image\" \/>\n<meta name=\"twitter:label1\" content=\"Written by\" \/>\n\t<meta name=\"twitter:data1\" content=\"Iliass Ouchida\" \/>\n\t<meta name=\"twitter:label2\" content=\"Est. reading time\" \/>\n\t<meta name=\"twitter:data2\" content=\"3 minutes\" \/>\n<script type=\"application\/ld+json\" class=\"yoast-schema-graph\">{\"@context\":\"https:\\\/\\\/schema.org\",\"@graph\":[{\"@type\":\"Article\",\"@id\":\"https:\\\/\\\/www.appeltrans.com\\\/2026\\\/02\\\/22\\\/transport-maritime\\\/#article\",\"isPartOf\":{\"@id\":\"https:\\\/\\\/www.appeltrans.com\\\/2026\\\/02\\\/22\\\/transport-maritime\\\/\"},\"author\":{\"name\":\"Iliass Ouchida\",\"@id\":\"https:\\\/\\\/www.appeltrans.com\\\/#\\\/schema\\\/person\\\/c86eaff08dcd4f7baaec55746a9413cf\"},\"headline\":\"Transport Maritime : Optimisez vos Importations et Exportations Mondiales\",\"datePublished\":\"2026-02-22T17:35:57+00:00\",\"dateModified\":\"2026-02-22T17:36:02+00:00\",\"mainEntityOfPage\":{\"@id\":\"https:\\\/\\\/www.appeltrans.com\\\/2026\\\/02\\\/22\\\/transport-maritime\\\/\"},\"wordCount\":609,\"commentCount\":0,\"publisher\":{\"@id\":\"https:\\\/\\\/www.appeltrans.com\\\/#organization\"},\"image\":{\"@id\":\"https:\\\/\\\/www.appeltrans.com\\\/2026\\\/02\\\/22\\\/transport-maritime\\\/#primaryimage\"},\"thumbnailUrl\":\"https:\\\/\\\/www.appeltrans.com\\\/wp-content\\\/uploads\\\/2024\\\/10\\\/transport-logistics-products-683x1024.jpg\",\"inLanguage\":\"en-US\",\"potentialAction\":[{\"@type\":\"CommentAction\",\"name\":\"Comment\",\"target\":[\"https:\\\/\\\/www.appeltrans.com\\\/2026\\\/02\\\/22\\\/transport-maritime\\\/#respond\"]}]},{\"@type\":\"WebPage\",\"@id\":\"https:\\\/\\\/www.appeltrans.com\\\/2026\\\/02\\\/22\\\/transport-maritime\\\/\",\"url\":\"https:\\\/\\\/www.appeltrans.com\\\/2026\\\/02\\\/22\\\/transport-maritime\\\/\",\"name\":\"transport maritime - APPELTRANS\",\"isPartOf\":{\"@id\":\"https:\\\/\\\/www.appeltrans.com\\\/#website\"},\"primaryImageOfPage\":{\"@id\":\"https:\\\/\\\/www.appeltrans.com\\\/2026\\\/02\\\/22\\\/transport-maritime\\\/#primaryimage\"},\"image\":{\"@id\":\"https:\\\/\\\/www.appeltrans.com\\\/2026\\\/02\\\/22\\\/transport-maritime\\\/#primaryimage\"},\"thumbnailUrl\":\"https:\\\/\\\/www.appeltrans.com\\\/wp-content\\\/uploads\\\/2024\\\/10\\\/transport-logistics-products-683x1024.jpg\",\"datePublished\":\"2026-02-22T17:35:57+00:00\",\"dateModified\":\"2026-02-22T17:36:02+00:00\",\"description\":\"Le transport maritime s'impose aujourd'hui comme le pilier central du commerce international. \u00c9tant donn\u00e9 que plus de 80 % des marchandises..\",\"breadcrumb\":{\"@id\":\"https:\\\/\\\/www.appeltrans.com\\\/2026\\\/02\\\/22\\\/transport-maritime\\\/#breadcrumb\"},\"inLanguage\":\"en-US\",\"potentialAction\":[{\"@type\":\"ReadAction\",\"target\":[\"https:\\\/\\\/www.appeltrans.com\\\/2026\\\/02\\\/22\\\/transport-maritime\\\/\"]}]},{\"@type\":\"ImageObject\",\"inLanguage\":\"en-US\",\"@id\":\"https:\\\/\\\/www.appeltrans.com\\\/2026\\\/02\\\/22\\\/transport-maritime\\\/#primaryimage\",\"url\":\"https:\\\/\\\/www.appeltrans.com\\\/wp-content\\\/uploads\\\/2024\\\/10\\\/transport-logistics-products-683x1024.jpg\",\"contentUrl\":\"https:\\\/\\\/www.appeltrans.com\\\/wp-content\\\/uploads\\\/2024\\\/10\\\/transport-logistics-products-683x1024.jpg\"},{\"@type\":\"BreadcrumbList\",\"@id\":\"https:\\\/\\\/www.appeltrans.com\\\/2026\\\/02\\\/22\\\/transport-maritime\\\/#breadcrumb\",\"itemListElement\":[{\"@type\":\"ListItem\",\"position\":1,\"name\":\"Home\",\"item\":\"https:\\\/\\\/www.appeltrans.com\\\/\"},{\"@type\":\"ListItem\",\"position\":2,\"name\":\"Transport Maritime : Optimisez vos Importations et Exportations Mondiales\"}]},{\"@type\":\"WebSite\",\"@id\":\"https:\\\/\\\/www.appeltrans.com\\\/#website\",\"url\":\"https:\\\/\\\/www.appeltrans.com\\\/\",\"name\":\"APPELTRANS\",\"description\":\"transport international- transit maroc-transport routier maroc- transport national\",\"publisher\":{\"@id\":\"https:\\\/\\\/www.appeltrans.com\\\/#organization\"},\"potentialAction\":[{\"@type\":\"SearchAction\",\"target\":{\"@type\":\"EntryPoint\",\"urlTemplate\":\"https:\\\/\\\/www.appeltrans.com\\\/?s={search_term_string}\"},\"query-input\":{\"@type\":\"PropertyValueSpecification\",\"valueRequired\":true,\"valueName\":\"search_term_string\"}}],\"inLanguage\":\"en-US\"},{\"@type\":\"Organization\",\"@id\":\"https:\\\/\\\/www.appeltrans.com\\\/#organization\",\"name\":\"APPELTRANS\",\"url\":\"https:\\\/\\\/www.appeltrans.com\\\/\",\"logo\":{\"@type\":\"ImageObject\",\"inLanguage\":\"en-US\",\"@id\":\"https:\\\/\\\/www.appeltrans.com\\\/#\\\/schema\\\/logo\\\/image\\\/\",\"url\":\"https:\\\/\\\/www.appeltrans.com\\\/wp-content\\\/uploads\\\/2024\\\/10\\\/cropped-logo.png\",\"contentUrl\":\"https:\\\/\\\/www.appeltrans.com\\\/wp-content\\\/uploads\\\/2024\\\/10\\\/cropped-logo.png\",\"width\":512,\"height\":512,\"caption\":\"APPELTRANS\"},\"image\":{\"@id\":\"https:\\\/\\\/www.appeltrans.com\\\/#\\\/schema\\\/logo\\\/image\\\/\"},\"publishingPrinciples\":\"https:\\\/\\\/www.appeltrans.com\\\/\"},{\"@type\":\"Person\",\"@id\":\"https:\\\/\\\/www.appeltrans.com\\\/#\\\/schema\\\/person\\\/c86eaff08dcd4f7baaec55746a9413cf\",\"name\":\"Iliass Ouchida\",\"image\":{\"@type\":\"ImageObject\",\"inLanguage\":\"en-US\",\"@id\":\"https:\\\/\\\/secure.gravatar.com\\\/avatar\\\/9d97b51425d0f56ef6d6f35041d7949c0dbfda23c41e229a0ceed392cff635c9?s=96&d=mm&r=g\",\"url\":\"https:\\\/\\\/secure.gravatar.com\\\/avatar\\\/9d97b51425d0f56ef6d6f35041d7949c0dbfda23c41e229a0ceed392cff635c9?s=96&d=mm&r=g\",\"contentUrl\":\"https:\\\/\\\/secure.gravatar.com\\\/avatar\\\/9d97b51425d0f56ef6d6f35041d7949c0dbfda23c41e229a0ceed392cff635c9?s=96&d=mm&r=g\",\"caption\":\"Iliass Ouchida\"},\"url\":\"https:\\\/\\\/www.appeltrans.com\\\/en\\\/author\\\/appeltrans-2\\\/\"}]}<\/script>\n<!-- \/ Yoast SEO Premium plugin. -->","yoast_head_json":{"title":"transport maritime - APPELTRANS","description":"Le transport maritime s'impose aujourd'hui comme le pilier central du commerce international. \u00c9tant donn\u00e9 que plus de 80 % des marchandises..","robots":{"index":"index","follow":"follow","max-snippet":"max-snippet:-1","max-image-preview":"max-image-preview:large","max-video-preview":"max-video-preview:-1"},"canonical":"https:\/\/www.appeltrans.com\/en\/2026\/02\/22\/transport-maritime\/","og_locale":"en_US","og_type":"article","og_title":"Transport Maritime : Optimisez vos Importations et Exportations Mondiales","og_description":"Le transport maritime s'impose aujourd'hui comme le pilier central du commerce international. \u00c9tant donn\u00e9 que plus de 80 % des marchandises..","og_url":"https:\/\/www.appeltrans.com\/en\/2026\/02\/22\/transport-maritime\/","og_site_name":"APPELTRANS","article_published_time":"2026-02-22T17:35:57+00:00","article_modified_time":"2026-02-22T17:36:02+00:00","og_image":[{"width":1707,"height":2560,"url":"https:\/\/www.appeltrans.com\/wp-content\/uploads\/2024\/10\/transport-logistics-products-scaled.jpg","type":"image\/jpeg"}],"author":"Iliass Ouchida","twitter_card":"summary_large_image","twitter_misc":{"Written by":"Iliass Ouchida","Est. reading time":"3 minutes"},"schema":{"@context":"https:\/\/schema.org","@graph":[{"@type":"Article","@id":"https:\/\/www.appeltrans.com\/2026\/02\/22\/transport-maritime\/#article","isPartOf":{"@id":"https:\/\/www.appeltrans.com\/2026\/02\/22\/transport-maritime\/"},"author":{"name":"Iliass Ouchida","@id":"https:\/\/www.appeltrans.com\/#\/schema\/person\/c86eaff08dcd4f7baaec55746a9413cf"},"headline":"Transport Maritime : Optimisez vos Importations et Exportations Mondiales","datePublished":"2026-02-22T17:35:57+00:00","dateModified":"2026-02-22T17:36:02+00:00","mainEntityOfPage":{"@id":"https:\/\/www.appeltrans.com\/2026\/02\/22\/transport-maritime\/"},"wordCount":609,"commentCount":0,"publisher":{"@id":"https:\/\/www.appeltrans.com\/#organization"},"image":{"@id":"https:\/\/www.appeltrans.com\/2026\/02\/22\/transport-maritime\/#primaryimage"},"thumbnailUrl":"https:\/\/www.appeltrans.com\/wp-content\/uploads\/2024\/10\/transport-logistics-products-683x1024.jpg","inLanguage":"en-US","potentialAction":[{"@type":"CommentAction","name":"Comment","target":["https:\/\/www.appeltrans.com\/2026\/02\/22\/transport-maritime\/#respond"]}]},{"@type":"WebPage","@id":"https:\/\/www.appeltrans.com\/2026\/02\/22\/transport-maritime\/","url":"https:\/\/www.appeltrans.com\/2026\/02\/22\/transport-maritime\/","name":"transport maritime - APPELTRANS","isPartOf":{"@id":"https:\/\/www.appeltrans.com\/#website"},"primaryImageOfPage":{"@id":"https:\/\/www.appeltrans.com\/2026\/02\/22\/transport-maritime\/#primaryimage"},"image":{"@id":"https:\/\/www.appeltrans.com\/2026\/02\/22\/transport-maritime\/#primaryimage"},"thumbnailUrl":"https:\/\/www.appeltrans.com\/wp-content\/uploads\/2024\/10\/transport-logistics-products-683x1024.jpg","datePublished":"2026-02-22T17:35:57+00:00","dateModified":"2026-02-22T17:36:02+00:00","description":"Le transport maritime s'impose aujourd'hui comme le pilier central du commerce international. \u00c9tant donn\u00e9 que plus de 80 % des marchandises..","breadcrumb":{"@id":"https:\/\/www.appeltrans.com\/2026\/02\/22\/transport-maritime\/#breadcrumb"},"inLanguage":"en-US","potentialAction":[{"@type":"ReadAction","target":["https:\/\/www.appeltrans.com\/2026\/02\/22\/transport-maritime\/"]}]},{"@type":"ImageObject","inLanguage":"en-US","@id":"https:\/\/www.appeltrans.com\/2026\/02\/22\/transport-maritime\/#primaryimage","url":"https:\/\/www.appeltrans.com\/wp-content\/uploads\/2024\/10\/transport-logistics-products-683x1024.jpg","contentUrl":"https:\/\/www.appeltrans.com\/wp-content\/uploads\/2024\/10\/transport-logistics-products-683x1024.jpg"},{"@type":"BreadcrumbList","@id":"https:\/\/www.appeltrans.com\/2026\/02\/22\/transport-maritime\/#breadcrumb","itemListElement":[{"@type":"ListItem","position":1,"name":"Home","item":"https:\/\/www.appeltrans.com\/"},{"@type":"ListItem","position":2,"name":"Transport Maritime : Optimisez vos Importations et Exportations Mondiales"}]},{"@type":"WebSite","@id":"https:\/\/www.appeltrans.com\/#website","url":"https:\/\/www.appeltrans.com\/","name":"APPELTRANS","description":"transport international- transit maroc-transport routier maroc- transport national","publisher":{"@id":"https:\/\/www.appeltrans.com\/#organization"},"potentialAction":[{"@type":"SearchAction","target":{"@type":"EntryPoint","urlTemplate":"https:\/\/www.appeltrans.com\/?s={search_term_string}"},"query-input":{"@type":"PropertyValueSpecification","valueRequired":true,"valueName":"search_term_string"}}],"inLanguage":"en-US"},{"@type":"Organization","@id":"https:\/\/www.appeltrans.com\/#organization","name":"APPELTRANS","url":"https:\/\/www.appeltrans.com\/","logo":{"@type":"ImageObject","inLanguage":"en-US","@id":"https:\/\/www.appeltrans.com\/#\/schema\/logo\/image\/","url":"https:\/\/www.appeltrans.com\/wp-content\/uploads\/2024\/10\/cropped-logo.png","contentUrl":"https:\/\/www.appeltrans.com\/wp-content\/uploads\/2024\/10\/cropped-logo.png","width":512,"height":512,"caption":"APPELTRANS"},"image":{"@id":"https:\/\/www.appeltrans.com\/#\/schema\/logo\/image\/"},"publishingPrinciples":"https:\/\/www.appeltrans.com\/"},{"@type":"Person","@id":"https:\/\/www.appeltrans.com\/#\/schema\/person\/c86eaff08dcd4f7baaec55746a9413cf","name":"Iliass Ouchida","image":{"@type":"ImageObject","inLanguage":"en-US","@id":"https:\/\/secure.gravatar.com\/avatar\/9d97b51425d0f56ef6d6f35041d7949c0dbfda23c41e229a0ceed392cff635c9?s=96&d=mm&r=g","url":"https:\/\/secure.gravatar.com\/avatar\/9d97b51425d0f56ef6d6f35041d7949c0dbfda23c41e229a0ceed392cff635c9?s=96&d=mm&r=g","contentUrl":"https:\/\/secure.gravatar.com\/avatar\/9d97b51425d0f56ef6d6f35041d7949c0dbfda23c41e229a0ceed392cff635c9?s=96&d=mm&r=g","caption":"Iliass Ouchida"},"url":"https:\/\/www.appeltrans.com\/en\/author\/appeltrans-2\/"}]}},"_links":{"self":[{"href":"https:\/\/www.appeltrans.com\/en\/wp-json\/wp\/v2\/posts\/14018","targetHints":{"allow":["GET"]}}],"collection":[{"href":"https:\/\/www.appeltrans.com\/en\/wp-json\/wp\/v2\/posts"}],"about":[{"href":"https:\/\/www.appeltrans.com\/en\/wp-json\/wp\/v2\/types\/post"}],"author":[{"embeddable":true,"href":"https:\/\/www.appeltrans.com\/en\/wp-json\/wp\/v2\/users\/3"}],"replies":[{"embeddable":true,"href":"https:\/\/www.appeltrans.com\/en\/wp-json\/wp\/v2\/comments?post=14018"}],"version-history":[{"count":1,"href":"https:\/\/www.appeltrans.com\/en\/wp-json\/wp\/v2\/posts\/14018\/revisions"}],"predecessor-version":[{"id":14019,"href":"https:\/\/www.appeltrans.com\/en\/wp-json\/wp\/v2\/posts\/14018\/revisions\/14019"}],"wp:attachment":[{"href":"https:\/\/www.appeltrans.com\/en\/wp-json\/wp\/v2\/media?parent=14018"}],"wp:term":[{"taxonomy":"category","embeddable":true,"href":"https:\/\/www.appeltrans.com\/en\/wp-json\/wp\/v2\/categories?post=14018"},{"taxonomy":"post_tag","embeddable":true,"href":"https:\/\/www.appeltrans.com\/en\/wp-json\/wp\/v2\/tags?post=14018"}],"curies":[{"name":"wp","href":"https:\/\/api.w.org\/{rel}","templated":true}]}}