{"id":14014,"date":"2026-02-22T17:27:41","date_gmt":"2026-02-22T17:27:41","guid":{"rendered":"https:\/\/www.appeltrans.com\/?p=14014"},"modified":"2026-02-22T17:29:34","modified_gmt":"2026-02-22T17:29:34","slug":"transport-national","status":"publish","type":"post","link":"https:\/\/www.appeltrans.com\/en\/2026\/02\/22\/transport-national\/","title":{"rendered":"Le Guide Essentiel du Transport National : Optimisez votre Logistique de Fret"},"content":{"rendered":"<p>Le <strong><a href=\"https:\/\/www.appeltrans.com\/en\/transport-national\/\">transport national<\/a><\/strong> repr\u00e9sente aujourd&#8217;hui le moteur de la croissance \u00e9conomique pour de nombreuses entreprises. <strong>Qu&#8217;il s&#8217;agisse<\/strong> de livrer des produits finis ou d&#8217;acheminer des mati\u00e8res premi\u00e8res, la ma\u00eetrise de la cha\u00eene logistique est devenue un avantage concurrentiel majeur. <strong>D\u00e8s lors<\/strong>, comprendre les rouages du fret routier permet d&#8217;optimiser ses co\u00fbts tout en garantissant la satisfaction client.<\/p>\n\n\n\n<hr class=\"wp-block-separator has-alpha-channel-opacity\"\/>\n\n\n\n<h2 class=\"wp-block-heading\" id=\"h-les-enjeux-majeurs-du-fret-routier-domestique\">Les enjeux majeurs du fret routier domestique<\/h2>\n\n\n\n<p><strong>Il faut savoir que<\/strong> le transport par route demeure le mode d&#8217;exp\u00e9dition le plus utilis\u00e9 \u00e0 l&#8217;\u00e9chelle nationale. <strong>Gr\u00e2ce \u00e0<\/strong> sa flexibilit\u00e9 in\u00e9gal\u00e9e, il permet un service de porte-\u00e0-porte que les autres modes de transport peinent \u00e0 \u00e9galer.<\/p>\n\n\n\n<h3 class=\"wp-block-heading\" id=\"h-pourquoi-privilegier-cette-solution\">Pourquoi privil\u00e9gier cette solution ?<\/h3>\n\n\n\n<ul class=\"wp-block-list\">\n<li><strong>La rapidit\u00e9 :<\/strong> Les d\u00e9lais de livraison sont g\u00e9n\u00e9ralement courts, souvent compris entre 24h et 72h.<\/li>\n\n\n\n<li><strong>La modularit\u00e9 :<\/strong> Le mat\u00e9riel roulant s&#8217;adapte pr\u00e9cis\u00e9ment au volume de vos marchandises.<\/li>\n\n\n\n<li><strong>La proximit\u00e9 :<\/strong> Les transporteurs peuvent acc\u00e9der \u00e0 des zones industrielles ou urbaines parfois difficiles d&#8217;acc\u00e8s.<\/li>\n<\/ul>\n\n\n\n<hr class=\"wp-block-separator has-alpha-channel-opacity\"\/>\n\n\n\n<h2 class=\"wp-block-heading\" id=\"h-les-differentes-options-pour-vos-expeditions-nationales\">Les diff\u00e9rentes options pour vos exp\u00e9ditions nationales<\/h2>\n\n\n\n<p><strong>En fonction de<\/strong> la taille de vos lots, plusieurs alternatives logistiques s&#8217;offrent \u00e0 vous. <strong>Cependant<\/strong>, le choix doit \u00eatre dict\u00e9 par un \u00e9quilibre entre budget et urgence.<\/p>\n\n\n\n<h3 class=\"wp-block-heading\" id=\"h-1-le-transport-en-lot-complet-ftl\">1. Le Transport en Lot Complet (FTL)<\/h3>\n\n\n\n<p><strong>D&#8217;une part<\/strong>, le <em>Full Truck Load<\/em> consiste \u00e0 d\u00e9canter l&#8217;int\u00e9gralit\u00e9 d&#8217;un v\u00e9hicule pour un seul exp\u00e9diteur. <strong>Cette option<\/strong> est particuli\u00e8rement recommand\u00e9e pour les gros volumes ou les marchandises \u00e0 haute valeur ajout\u00e9e n\u00e9cessitant un trajet direct.<\/p>\n\n\n\n<h3 class=\"wp-block-heading\" id=\"h-2-le-groupage-et-lot-partiel-ltl\">2. Le Groupage et Lot Partiel (LTL)<\/h3>\n\n\n\n<p><strong>D&#8217;autre part<\/strong>, le groupage permet de mutualiser l&#8217;espace de chargement avec d&#8217;autres entreprises. <strong>Par cons\u00e9quent<\/strong>, vous ne payez que pour l&#8217;emplacement r\u00e9ellement occup\u00e9 sur le plateau ou dans la remorque, ce qui r\u00e9duit consid\u00e9rablement les frais d&#8217;exp\u00e9dition.<\/p>\n\n\n\n<hr class=\"wp-block-separator has-alpha-channel-opacity\"\/>\n\n\n\n<h2 class=\"wp-block-heading\" id=\"h-l-impact-de-la-technologie-sur-le-transport-de-marchandises\">L&#8217;impact de la technologie sur le transport de marchandises<\/h2>\n\n\n\n<p><strong>De nos jours<\/strong>, la digitalisation transforme profond\u00e9ment le m\u00e9tier de transporteur. <strong>En effet<\/strong>, l&#8217;utilisation de plateformes de mise en relation comme <strong><a href=\"https:\/\/www.appeltrans.com\/en\/\">AppelTrans<\/a><\/strong> simplifie la recherche de partenaires fiables.<\/p>\n\n\n\n<ul class=\"wp-block-list\">\n<li><strong>Visibilit\u00e9 accrue :<\/strong> Les exp\u00e9diteurs peuvent suivre l&#8217;avancement de leurs colis en temps r\u00e9el.<\/li>\n\n\n\n<li><strong>Optimisation des flux :<\/strong> Les algorithmes aident \u00e0 limiter les retours \u00e0 vide, un point crucial pour la rentabilit\u00e9.<\/li>\n\n\n\n<li><strong>R\u00e9duction de l&#8217;empreinte carbone :<\/strong> Une meilleure gestion des trajets contribue directement \u00e0 une logistique plus durable.<\/li>\n<\/ul>\n\n\n\n<figure class=\"wp-block-image size-large\"><img fetchpriority=\"high\" decoding=\"async\" width=\"1024\" height=\"683\" src=\"https:\/\/www.appeltrans.com\/wp-content\/uploads\/2024\/10\/delivery-man-with-clipboard-1-1024x683.jpg\" alt=\"transport national maroc Transport national\" class=\"wp-image-13095\" srcset=\"https:\/\/www.appeltrans.com\/wp-content\/uploads\/2024\/10\/delivery-man-with-clipboard-1-1024x683.jpg 1024w, https:\/\/www.appeltrans.com\/wp-content\/uploads\/2024\/10\/delivery-man-with-clipboard-1-300x200.jpg 300w, https:\/\/www.appeltrans.com\/wp-content\/uploads\/2024\/10\/delivery-man-with-clipboard-1-768x513.jpg 768w, https:\/\/www.appeltrans.com\/wp-content\/uploads\/2024\/10\/delivery-man-with-clipboard-1-1536x1025.jpg 1536w, https:\/\/www.appeltrans.com\/wp-content\/uploads\/2024\/10\/delivery-man-with-clipboard-1-2048x1367.jpg 2048w, https:\/\/www.appeltrans.com\/wp-content\/uploads\/2024\/10\/delivery-man-with-clipboard-1-18x12.jpg 18w\" sizes=\"(max-width: 1024px) 100vw, 1024px\" \/><\/figure>\n\n\n\n<hr class=\"wp-block-separator has-alpha-channel-opacity\"\/>\n\n\n\n<h2 class=\"wp-block-heading\" id=\"h-comment-selectionner-un-prestataire-de-confiance\">Comment s\u00e9lectionner un prestataire de confiance ?<\/h2>\n\n\n\n<p><strong>Avant de<\/strong> confier votre marchandise, il est imp\u00e9ratif de v\u00e9rifier certains crit\u00e8res de qualit\u00e9. <strong>Toutefois<\/strong>, la fiabilit\u00e9 ne se r\u00e9sume pas uniquement au prix le plus bas.<\/p>\n\n\n\n<ol start=\"1\" class=\"wp-block-list\">\n<li><strong>V\u00e9rification des licences :<\/strong> Assurez-vous que le professionnel poss\u00e8de toutes les autorisations l\u00e9gales pour op\u00e9rer.<\/li>\n\n\n\n<li><strong>Qualit\u00e9 du parc :<\/strong> Un mat\u00e9riel r\u00e9cent et bien entretenu diminue les risques de pannes et de retards.<\/li>\n\n\n\n<li><strong>R\u00e9activit\u00e9 du service client :<\/strong> La capacit\u00e9 \u00e0 communiquer rapidement en cas d&#8217;impr\u00e9vu reste un indicateur de professionnalisme majeur.<\/li>\n<\/ol>\n\n\n\n<hr class=\"wp-block-separator has-alpha-channel-opacity\"\/>\n\n\n\n<h2 class=\"wp-block-heading\" id=\"h-conclusion-vers-une-logistique-plus-agile\">Conclusion : Vers une logistique plus agile<\/h2>\n\n\n\n<p><strong>En r\u00e9sum\u00e9<\/strong>, le transport national est un secteur en constante \u00e9volution qui demande de l&#8217;adaptabilit\u00e9. <strong>Gr\u00e2ce aux<\/strong> outils num\u00e9riques et \u00e0 une s\u00e9lection rigoureuse des transporteurs, les entreprises peuvent d\u00e9sormais transformer leurs d\u00e9fis logistiques en opportunit\u00e9s de croissance.<\/p>\n\n\n\n<p><a href=\"https:\/\/www.linkedin.com\/company\/appel-trans\/?originalSubdomain=ma\">LinkedIn<\/a><\/p>","protected":false},"excerpt":{"rendered":"<p>Le transport national repr\u00e9sente aujourd&#8217;hui le moteur de la croissance \u00e9conomique pour de nombreuses entreprises. Qu&#8217;il s&#8217;agisse de livrer des produits finis ou d&#8217;acheminer des mati\u00e8res premi\u00e8res, la ma\u00eetrise de la cha\u00eene logistique est devenue un avantage concurrentiel majeur. D\u00e8s lors, comprendre les rouages du fret routier permet d&#8217;optimiser ses co\u00fbts tout en garantissant la&#8230;<\/p>","protected":false},"author":3,"featured_media":0,"comment_status":"open","ping_status":"open","sticky":false,"template":"","format":"standard","meta":{"footnotes":""},"categories":[224],"tags":[],"class_list":["post-14014","post","type-post","status-publish","format-standard","hentry","category-uncategorized-fr","fav-blog blog-single"],"yoast_head":"<!-- This site is optimized with the Yoast SEO Premium plugin v24.4 (Yoast SEO v27.5) - https:\/\/yoast.com\/product\/yoast-seo-premium-wordpress\/ -->\n<title>transport national - APPELTRANS<\/title>\n<meta name=\"description\" content=\"Le transport national repr\u00e9sente aujourd&#039;hui le moteur de la croissance \u00e9conomique pour de nombreuses entreprises\" \/>\n<meta name=\"robots\" content=\"index, follow, max-snippet:-1, max-image-preview:large, max-video-preview:-1\" \/>\n<link rel=\"canonical\" href=\"https:\/\/www.appeltrans.com\/en\/2026\/02\/22\/transport-national\/\" \/>\n<meta property=\"og:locale\" content=\"en_US\" \/>\n<meta property=\"og:type\" content=\"article\" \/>\n<meta property=\"og:title\" content=\"Le Guide Essentiel du Transport National : Optimisez votre Logistique de Fret\" \/>\n<meta property=\"og:description\" content=\"Le transport national repr\u00e9sente aujourd&#039;hui le moteur de la croissance \u00e9conomique pour de nombreuses entreprises\" \/>\n<meta property=\"og:url\" content=\"https:\/\/www.appeltrans.com\/en\/2026\/02\/22\/transport-national\/\" \/>\n<meta property=\"og:site_name\" content=\"APPELTRANS\" \/>\n<meta property=\"article:published_time\" content=\"2026-02-22T17:27:41+00:00\" \/>\n<meta property=\"article:modified_time\" content=\"2026-02-22T17:29:34+00:00\" \/>\n<meta property=\"og:image\" content=\"https:\/\/www.appeltrans.com\/wp-content\/uploads\/2024\/10\/delivery-man-with-clipboard-1-scaled.jpg\" \/>\n\t<meta property=\"og:image:width\" content=\"2560\" \/>\n\t<meta property=\"og:image:height\" content=\"1709\" \/>\n\t<meta property=\"og:image:type\" content=\"image\/jpeg\" \/>\n<meta name=\"author\" content=\"Iliass Ouchida\" \/>\n<meta name=\"twitter:card\" content=\"summary_large_image\" \/>\n<meta name=\"twitter:label1\" content=\"Written by\" \/>\n\t<meta name=\"twitter:data1\" content=\"Iliass Ouchida\" \/>\n\t<meta name=\"twitter:label2\" content=\"Est. reading time\" \/>\n\t<meta name=\"twitter:data2\" content=\"3 minutes\" \/>\n<script type=\"application\/ld+json\" class=\"yoast-schema-graph\">{\"@context\":\"https:\\\/\\\/schema.org\",\"@graph\":[{\"@type\":\"Article\",\"@id\":\"https:\\\/\\\/www.appeltrans.com\\\/2026\\\/02\\\/22\\\/transport-national\\\/#article\",\"isPartOf\":{\"@id\":\"https:\\\/\\\/www.appeltrans.com\\\/2026\\\/02\\\/22\\\/transport-national\\\/\"},\"author\":{\"name\":\"Iliass Ouchida\",\"@id\":\"https:\\\/\\\/www.appeltrans.com\\\/#\\\/schema\\\/person\\\/c86eaff08dcd4f7baaec55746a9413cf\"},\"headline\":\"Le Guide Essentiel du Transport National : Optimisez votre Logistique de Fret\",\"datePublished\":\"2026-02-22T17:27:41+00:00\",\"dateModified\":\"2026-02-22T17:29:34+00:00\",\"mainEntityOfPage\":{\"@id\":\"https:\\\/\\\/www.appeltrans.com\\\/2026\\\/02\\\/22\\\/transport-national\\\/\"},\"wordCount\":562,\"commentCount\":0,\"publisher\":{\"@id\":\"https:\\\/\\\/www.appeltrans.com\\\/#organization\"},\"image\":{\"@id\":\"https:\\\/\\\/www.appeltrans.com\\\/2026\\\/02\\\/22\\\/transport-national\\\/#primaryimage\"},\"thumbnailUrl\":\"https:\\\/\\\/www.appeltrans.com\\\/wp-content\\\/uploads\\\/2024\\\/10\\\/delivery-man-with-clipboard-1-1024x683.jpg\",\"inLanguage\":\"en-US\",\"potentialAction\":[{\"@type\":\"CommentAction\",\"name\":\"Comment\",\"target\":[\"https:\\\/\\\/www.appeltrans.com\\\/2026\\\/02\\\/22\\\/transport-national\\\/#respond\"]}]},{\"@type\":\"WebPage\",\"@id\":\"https:\\\/\\\/www.appeltrans.com\\\/2026\\\/02\\\/22\\\/transport-national\\\/\",\"url\":\"https:\\\/\\\/www.appeltrans.com\\\/2026\\\/02\\\/22\\\/transport-national\\\/\",\"name\":\"transport national - APPELTRANS\",\"isPartOf\":{\"@id\":\"https:\\\/\\\/www.appeltrans.com\\\/#website\"},\"primaryImageOfPage\":{\"@id\":\"https:\\\/\\\/www.appeltrans.com\\\/2026\\\/02\\\/22\\\/transport-national\\\/#primaryimage\"},\"image\":{\"@id\":\"https:\\\/\\\/www.appeltrans.com\\\/2026\\\/02\\\/22\\\/transport-national\\\/#primaryimage\"},\"thumbnailUrl\":\"https:\\\/\\\/www.appeltrans.com\\\/wp-content\\\/uploads\\\/2024\\\/10\\\/delivery-man-with-clipboard-1-1024x683.jpg\",\"datePublished\":\"2026-02-22T17:27:41+00:00\",\"dateModified\":\"2026-02-22T17:29:34+00:00\",\"description\":\"Le transport national repr\u00e9sente aujourd'hui le moteur de la croissance \u00e9conomique pour de nombreuses entreprises\",\"breadcrumb\":{\"@id\":\"https:\\\/\\\/www.appeltrans.com\\\/2026\\\/02\\\/22\\\/transport-national\\\/#breadcrumb\"},\"inLanguage\":\"en-US\",\"potentialAction\":[{\"@type\":\"ReadAction\",\"target\":[\"https:\\\/\\\/www.appeltrans.com\\\/2026\\\/02\\\/22\\\/transport-national\\\/\"]}]},{\"@type\":\"ImageObject\",\"inLanguage\":\"en-US\",\"@id\":\"https:\\\/\\\/www.appeltrans.com\\\/2026\\\/02\\\/22\\\/transport-national\\\/#primaryimage\",\"url\":\"https:\\\/\\\/www.appeltrans.com\\\/wp-content\\\/uploads\\\/2024\\\/10\\\/delivery-man-with-clipboard-1-1024x683.jpg\",\"contentUrl\":\"https:\\\/\\\/www.appeltrans.com\\\/wp-content\\\/uploads\\\/2024\\\/10\\\/delivery-man-with-clipboard-1-1024x683.jpg\"},{\"@type\":\"BreadcrumbList\",\"@id\":\"https:\\\/\\\/www.appeltrans.com\\\/2026\\\/02\\\/22\\\/transport-national\\\/#breadcrumb\",\"itemListElement\":[{\"@type\":\"ListItem\",\"position\":1,\"name\":\"Home\",\"item\":\"https:\\\/\\\/www.appeltrans.com\\\/\"},{\"@type\":\"ListItem\",\"position\":2,\"name\":\"Le Guide Essentiel du Transport National : Optimisez votre Logistique de Fret\"}]},{\"@type\":\"WebSite\",\"@id\":\"https:\\\/\\\/www.appeltrans.com\\\/#website\",\"url\":\"https:\\\/\\\/www.appeltrans.com\\\/\",\"name\":\"APPELTRANS\",\"description\":\"transport international- transit maroc-transport routier maroc- transport national\",\"publisher\":{\"@id\":\"https:\\\/\\\/www.appeltrans.com\\\/#organization\"},\"potentialAction\":[{\"@type\":\"SearchAction\",\"target\":{\"@type\":\"EntryPoint\",\"urlTemplate\":\"https:\\\/\\\/www.appeltrans.com\\\/?s={search_term_string}\"},\"query-input\":{\"@type\":\"PropertyValueSpecification\",\"valueRequired\":true,\"valueName\":\"search_term_string\"}}],\"inLanguage\":\"en-US\"},{\"@type\":\"Organization\",\"@id\":\"https:\\\/\\\/www.appeltrans.com\\\/#organization\",\"name\":\"APPELTRANS\",\"url\":\"https:\\\/\\\/www.appeltrans.com\\\/\",\"logo\":{\"@type\":\"ImageObject\",\"inLanguage\":\"en-US\",\"@id\":\"https:\\\/\\\/www.appeltrans.com\\\/#\\\/schema\\\/logo\\\/image\\\/\",\"url\":\"https:\\\/\\\/www.appeltrans.com\\\/wp-content\\\/uploads\\\/2024\\\/10\\\/cropped-logo.png\",\"contentUrl\":\"https:\\\/\\\/www.appeltrans.com\\\/wp-content\\\/uploads\\\/2024\\\/10\\\/cropped-logo.png\",\"width\":512,\"height\":512,\"caption\":\"APPELTRANS\"},\"image\":{\"@id\":\"https:\\\/\\\/www.appeltrans.com\\\/#\\\/schema\\\/logo\\\/image\\\/\"},\"publishingPrinciples\":\"https:\\\/\\\/www.appeltrans.com\\\/\"},{\"@type\":\"Person\",\"@id\":\"https:\\\/\\\/www.appeltrans.com\\\/#\\\/schema\\\/person\\\/c86eaff08dcd4f7baaec55746a9413cf\",\"name\":\"Iliass Ouchida\",\"image\":{\"@type\":\"ImageObject\",\"inLanguage\":\"en-US\",\"@id\":\"https:\\\/\\\/secure.gravatar.com\\\/avatar\\\/9d97b51425d0f56ef6d6f35041d7949c0dbfda23c41e229a0ceed392cff635c9?s=96&d=mm&r=g\",\"url\":\"https:\\\/\\\/secure.gravatar.com\\\/avatar\\\/9d97b51425d0f56ef6d6f35041d7949c0dbfda23c41e229a0ceed392cff635c9?s=96&d=mm&r=g\",\"contentUrl\":\"https:\\\/\\\/secure.gravatar.com\\\/avatar\\\/9d97b51425d0f56ef6d6f35041d7949c0dbfda23c41e229a0ceed392cff635c9?s=96&d=mm&r=g\",\"caption\":\"Iliass Ouchida\"},\"url\":\"https:\\\/\\\/www.appeltrans.com\\\/en\\\/author\\\/appeltrans-2\\\/\"}]}<\/script>\n<!-- \/ Yoast SEO Premium plugin. -->","yoast_head_json":{"title":"transport national - APPELTRANS","description":"Le transport national repr\u00e9sente aujourd'hui le moteur de la croissance \u00e9conomique pour de nombreuses entreprises","robots":{"index":"index","follow":"follow","max-snippet":"max-snippet:-1","max-image-preview":"max-image-preview:large","max-video-preview":"max-video-preview:-1"},"canonical":"https:\/\/www.appeltrans.com\/en\/2026\/02\/22\/transport-national\/","og_locale":"en_US","og_type":"article","og_title":"Le Guide Essentiel du Transport National : Optimisez votre Logistique de Fret","og_description":"Le transport national repr\u00e9sente aujourd'hui le moteur de la croissance \u00e9conomique pour de nombreuses entreprises","og_url":"https:\/\/www.appeltrans.com\/en\/2026\/02\/22\/transport-national\/","og_site_name":"APPELTRANS","article_published_time":"2026-02-22T17:27:41+00:00","article_modified_time":"2026-02-22T17:29:34+00:00","og_image":[{"width":2560,"height":1709,"url":"https:\/\/www.appeltrans.com\/wp-content\/uploads\/2024\/10\/delivery-man-with-clipboard-1-scaled.jpg","type":"image\/jpeg"}],"author":"Iliass Ouchida","twitter_card":"summary_large_image","twitter_misc":{"Written by":"Iliass Ouchida","Est. reading time":"3 minutes"},"schema":{"@context":"https:\/\/schema.org","@graph":[{"@type":"Article","@id":"https:\/\/www.appeltrans.com\/2026\/02\/22\/transport-national\/#article","isPartOf":{"@id":"https:\/\/www.appeltrans.com\/2026\/02\/22\/transport-national\/"},"author":{"name":"Iliass Ouchida","@id":"https:\/\/www.appeltrans.com\/#\/schema\/person\/c86eaff08dcd4f7baaec55746a9413cf"},"headline":"Le Guide Essentiel du Transport National : Optimisez votre Logistique de Fret","datePublished":"2026-02-22T17:27:41+00:00","dateModified":"2026-02-22T17:29:34+00:00","mainEntityOfPage":{"@id":"https:\/\/www.appeltrans.com\/2026\/02\/22\/transport-national\/"},"wordCount":562,"commentCount":0,"publisher":{"@id":"https:\/\/www.appeltrans.com\/#organization"},"image":{"@id":"https:\/\/www.appeltrans.com\/2026\/02\/22\/transport-national\/#primaryimage"},"thumbnailUrl":"https:\/\/www.appeltrans.com\/wp-content\/uploads\/2024\/10\/delivery-man-with-clipboard-1-1024x683.jpg","inLanguage":"en-US","potentialAction":[{"@type":"CommentAction","name":"Comment","target":["https:\/\/www.appeltrans.com\/2026\/02\/22\/transport-national\/#respond"]}]},{"@type":"WebPage","@id":"https:\/\/www.appeltrans.com\/2026\/02\/22\/transport-national\/","url":"https:\/\/www.appeltrans.com\/2026\/02\/22\/transport-national\/","name":"transport national - APPELTRANS","isPartOf":{"@id":"https:\/\/www.appeltrans.com\/#website"},"primaryImageOfPage":{"@id":"https:\/\/www.appeltrans.com\/2026\/02\/22\/transport-national\/#primaryimage"},"image":{"@id":"https:\/\/www.appeltrans.com\/2026\/02\/22\/transport-national\/#primaryimage"},"thumbnailUrl":"https:\/\/www.appeltrans.com\/wp-content\/uploads\/2024\/10\/delivery-man-with-clipboard-1-1024x683.jpg","datePublished":"2026-02-22T17:27:41+00:00","dateModified":"2026-02-22T17:29:34+00:00","description":"Le transport national repr\u00e9sente aujourd'hui le moteur de la croissance \u00e9conomique pour de nombreuses entreprises","breadcrumb":{"@id":"https:\/\/www.appeltrans.com\/2026\/02\/22\/transport-national\/#breadcrumb"},"inLanguage":"en-US","potentialAction":[{"@type":"ReadAction","target":["https:\/\/www.appeltrans.com\/2026\/02\/22\/transport-national\/"]}]},{"@type":"ImageObject","inLanguage":"en-US","@id":"https:\/\/www.appeltrans.com\/2026\/02\/22\/transport-national\/#primaryimage","url":"https:\/\/www.appeltrans.com\/wp-content\/uploads\/2024\/10\/delivery-man-with-clipboard-1-1024x683.jpg","contentUrl":"https:\/\/www.appeltrans.com\/wp-content\/uploads\/2024\/10\/delivery-man-with-clipboard-1-1024x683.jpg"},{"@type":"BreadcrumbList","@id":"https:\/\/www.appeltrans.com\/2026\/02\/22\/transport-national\/#breadcrumb","itemListElement":[{"@type":"ListItem","position":1,"name":"Home","item":"https:\/\/www.appeltrans.com\/"},{"@type":"ListItem","position":2,"name":"Le Guide Essentiel du Transport National : Optimisez votre Logistique de Fret"}]},{"@type":"WebSite","@id":"https:\/\/www.appeltrans.com\/#website","url":"https:\/\/www.appeltrans.com\/","name":"APPELTRANS","description":"transport international- transit maroc-transport routier maroc- transport national","publisher":{"@id":"https:\/\/www.appeltrans.com\/#organization"},"potentialAction":[{"@type":"SearchAction","target":{"@type":"EntryPoint","urlTemplate":"https:\/\/www.appeltrans.com\/?s={search_term_string}"},"query-input":{"@type":"PropertyValueSpecification","valueRequired":true,"valueName":"search_term_string"}}],"inLanguage":"en-US"},{"@type":"Organization","@id":"https:\/\/www.appeltrans.com\/#organization","name":"APPELTRANS","url":"https:\/\/www.appeltrans.com\/","logo":{"@type":"ImageObject","inLanguage":"en-US","@id":"https:\/\/www.appeltrans.com\/#\/schema\/logo\/image\/","url":"https:\/\/www.appeltrans.com\/wp-content\/uploads\/2024\/10\/cropped-logo.png","contentUrl":"https:\/\/www.appeltrans.com\/wp-content\/uploads\/2024\/10\/cropped-logo.png","width":512,"height":512,"caption":"APPELTRANS"},"image":{"@id":"https:\/\/www.appeltrans.com\/#\/schema\/logo\/image\/"},"publishingPrinciples":"https:\/\/www.appeltrans.com\/"},{"@type":"Person","@id":"https:\/\/www.appeltrans.com\/#\/schema\/person\/c86eaff08dcd4f7baaec55746a9413cf","name":"Iliass Ouchida","image":{"@type":"ImageObject","inLanguage":"en-US","@id":"https:\/\/secure.gravatar.com\/avatar\/9d97b51425d0f56ef6d6f35041d7949c0dbfda23c41e229a0ceed392cff635c9?s=96&d=mm&r=g","url":"https:\/\/secure.gravatar.com\/avatar\/9d97b51425d0f56ef6d6f35041d7949c0dbfda23c41e229a0ceed392cff635c9?s=96&d=mm&r=g","contentUrl":"https:\/\/secure.gravatar.com\/avatar\/9d97b51425d0f56ef6d6f35041d7949c0dbfda23c41e229a0ceed392cff635c9?s=96&d=mm&r=g","caption":"Iliass Ouchida"},"url":"https:\/\/www.appeltrans.com\/en\/author\/appeltrans-2\/"}]}},"_links":{"self":[{"href":"https:\/\/www.appeltrans.com\/en\/wp-json\/wp\/v2\/posts\/14014","targetHints":{"allow":["GET"]}}],"collection":[{"href":"https:\/\/www.appeltrans.com\/en\/wp-json\/wp\/v2\/posts"}],"about":[{"href":"https:\/\/www.appeltrans.com\/en\/wp-json\/wp\/v2\/types\/post"}],"author":[{"embeddable":true,"href":"https:\/\/www.appeltrans.com\/en\/wp-json\/wp\/v2\/users\/3"}],"replies":[{"embeddable":true,"href":"https:\/\/www.appeltrans.com\/en\/wp-json\/wp\/v2\/comments?post=14014"}],"version-history":[{"count":1,"href":"https:\/\/www.appeltrans.com\/en\/wp-json\/wp\/v2\/posts\/14014\/revisions"}],"predecessor-version":[{"id":14015,"href":"https:\/\/www.appeltrans.com\/en\/wp-json\/wp\/v2\/posts\/14014\/revisions\/14015"}],"wp:attachment":[{"href":"https:\/\/www.appeltrans.com\/en\/wp-json\/wp\/v2\/media?parent=14014"}],"wp:term":[{"taxonomy":"category","embeddable":true,"href":"https:\/\/www.appeltrans.com\/en\/wp-json\/wp\/v2\/categories?post=14014"},{"taxonomy":"post_tag","embeddable":true,"href":"https:\/\/www.appeltrans.com\/en\/wp-json\/wp\/v2\/tags?post=14014"}],"curies":[{"name":"wp","href":"https:\/\/api.w.org\/{rel}","templated":true}]}}