{"id":13989,"date":"2026-02-08T20:20:26","date_gmt":"2026-02-08T20:20:26","guid":{"rendered":"https:\/\/www.appeltrans.com\/?p=13989"},"modified":"2026-02-08T20:35:28","modified_gmt":"2026-02-08T20:35:28","slug":"transitaire_maroc_6","status":"publish","type":"post","link":"https:\/\/www.appeltrans.com\/en\/2026\/02\/08\/transitaire_maroc_6\/","title":{"rendered":"Transitaire au Maroc : un acteur strat\u00e9gique du commerce international"},"content":{"rendered":"<p>Le <strong><a href=\"https:\/\/www.appeltrans.com\/en\/2025\/05\/22\/transitaire-casablanca\/\">transitaire au Maroc<\/a><\/strong> occupe une place centrale dans la cha\u00eene logistique et le d\u00e9veloppement du commerce international. Il agit comme un interm\u00e9diaire essentiel entre les entreprises, les autorit\u00e9s douani\u00e8res, les transporteurs et l\u2019ensemble des acteurs de la supply chain. Son r\u00f4le d\u00e9passe largement la simple gestion administrative : il structure, s\u00e9curise et optimise les op\u00e9rations d\u2019import-export.<\/p>\n\n\n\n<p>Dans un contexte de mondialisation des \u00e9changes, le transitaire devient un v\u00e9ritable partenaire strat\u00e9gique pour les entreprises marocaines et internationales. Il permet de fluidifier les \u00e9changes commerciaux, de r\u00e9duire les d\u00e9lais logistiques et de garantir la conformit\u00e9 r\u00e9glementaire des op\u00e9rations douani\u00e8res.<\/p>\n\n\n\n<h2 class=\"wp-block-heading\" id=\"h-le-role-du-transitaire-dans-la-chaine-logistique\">Le r\u00f4le du transitaire dans la cha\u00eene logistique<\/h2>\n\n\n\n<p>Le <strong>transitaire Maroc<\/strong> intervient \u00e0 toutes les \u00e9tapes du processus logistique international. Il assure la coordination entre les diff\u00e9rents modes de transport (maritime, a\u00e9rien, routier), la gestion documentaire, le d\u00e9douanement et la planification des flux de marchandises.<\/p>\n\n\n\n<p>Ses missions principales incluent :<\/p>\n\n\n\n<ul class=\"wp-block-list\">\n<li>la gestion des formalit\u00e9s douani\u00e8res<\/li>\n\n\n\n<li>la pr\u00e9paration et le contr\u00f4le des documents d\u2019import-export<\/li>\n\n\n\n<li>la coordination des op\u00e9rations de transport<\/li>\n\n\n\n<li>la s\u00e9curisation des flux logistiques<\/li>\n\n\n\n<li>l\u2019optimisation des d\u00e9lais et des co\u00fbts<\/li>\n<\/ul>\n\n\n\n<p>Le transitaire devient ainsi un <strong>chef d\u2019orchestre logistique<\/strong>, garantissant la fluidit\u00e9 et la fiabilit\u00e9 des op\u00e9rations internationales.<\/p>\n\n\n\n<figure class=\"wp-block-image size-large\"><img fetchpriority=\"high\" decoding=\"async\" width=\"1024\" height=\"576\" src=\"https:\/\/www.appeltrans.com\/wp-content\/uploads\/2024\/10\/douane-maroc-1024x576.jpg\" alt=\"Transitaire maroc transit au maroc transit maroc maroc transit transit et dedouanement Le transitaire au Maroc joue un r\u00f4le central dans la gestion du transport international des marchandises. En tant qu\u2019interm\u00e9diaire entre les exp\u00e9diteurs et les autorit\u00e9s douani\u00e8res, transitaire maroc\" class=\"wp-image-13241\" srcset=\"https:\/\/www.appeltrans.com\/wp-content\/uploads\/2024\/10\/douane-maroc-1024x576.jpg 1024w, https:\/\/www.appeltrans.com\/wp-content\/uploads\/2024\/10\/douane-maroc-300x169.jpg 300w, https:\/\/www.appeltrans.com\/wp-content\/uploads\/2024\/10\/douane-maroc-768x432.jpg 768w, https:\/\/www.appeltrans.com\/wp-content\/uploads\/2024\/10\/douane-maroc-18x10.jpg 18w, https:\/\/www.appeltrans.com\/wp-content\/uploads\/2024\/10\/douane-maroc.jpg 1200w\" sizes=\"(max-width: 1024px) 100vw, 1024px\" \/><\/figure>\n\n\n\n<h2 class=\"wp-block-heading\" id=\"h-un-levier-de-performance-pour-les-entreprises\">Un levier de performance pour les entreprises<\/h2>\n\n\n\n<p>Le recours \u00e0 un transitaire au Maroc permet aux entreprises de se concentrer sur leur c\u0153ur de m\u00e9tier tout en b\u00e9n\u00e9ficiant d\u2019une expertise logistique sp\u00e9cialis\u00e9e. Il apporte une r\u00e9elle valeur ajout\u00e9e en termes de performance op\u00e9rationnelle, de conformit\u00e9 r\u00e9glementaire et de ma\u00eetrise des risques.<\/p>\n\n\n\n<p>Gr\u00e2ce \u00e0 son accompagnement, les entreprises b\u00e9n\u00e9ficient :<\/p>\n\n\n\n<ul class=\"wp-block-list\">\n<li>d\u2019une meilleure gestion des flux internationaux<\/li>\n\n\n\n<li>d\u2019une r\u00e9duction des d\u00e9lais de d\u00e9douanement<\/li>\n\n\n\n<li>d\u2019une optimisation des co\u00fbts logistiques<\/li>\n\n\n\n<li>d\u2019une conformit\u00e9 aux normes douani\u00e8res<\/li>\n\n\n\n<li>d\u2019une s\u00e9curit\u00e9 renforc\u00e9e des marchandises<\/li>\n<\/ul>\n\n\n\n<p>Le transitaire devient ainsi un acteur cl\u00e9 de la comp\u00e9titivit\u00e9 des entreprises sur les march\u00e9s internationaux.<\/p>\n\n\n\n<h2 class=\"wp-block-heading\" id=\"h-transitaire-maroc-et-developpement-du-commerce-international\">Transitaire Maroc et d\u00e9veloppement du commerce international<\/h2>\n\n\n\n<p>Le d\u00e9veloppement des infrastructures portuaires, a\u00e9roportuaires et logistiques au Maroc renforce le r\u00f4le strat\u00e9gique du transitaire dans l\u2019\u00e9conomie nationale. Il accompagne la croissance des \u00e9changes commerciaux et soutient l\u2019int\u00e9gration du Maroc dans les cha\u00eenes de valeur mondiales.<\/p>\n\n\n\n<p>Le <strong>transit international<\/strong> devient un levier de croissance pour les entreprises marocaines, favorisant l\u2019exportation, l\u2019importation et le d\u00e9veloppement des partenariats \u00e9conomiques internationaux.<\/p>\n\n\n\n<h2 class=\"wp-block-heading\" id=\"h-le-transitaire-comme-partenaire-strategique\">Le transitaire comme partenaire strat\u00e9gique<\/h2>\n\n\n\n<p>Aujourd\u2019hui, le transitaire n\u2019est plus un simple prestataire de services, mais un <strong>partenaire strat\u00e9gique<\/strong> dans la gestion de la supply chain. Il contribue \u00e0 la performance globale de la cha\u00eene logistique en proposant des solutions int\u00e9gr\u00e9es, adapt\u00e9es aux besoins sp\u00e9cifiques de chaque entreprise.<\/p>\n\n\n\n<p>Dans un environnement \u00e9conomique comp\u00e9titif, s\u2019appuyer sur un transitaire au Maroc comp\u00e9tent permet aux entreprises de s\u00e9curiser leurs op\u00e9rations, d\u2019optimiser leurs flux logistiques et de renforcer leur position sur les march\u00e9s internationaux.<\/p>\n\n\n\n<p><a href=\"https:\/\/www.linkedin.com\/company\/appel-trans\/?originalSubdomain=ma\">LinkedIn<\/a><\/p>","protected":false},"excerpt":{"rendered":"<p>Le transitaire au Maroc occupe une place centrale dans la cha\u00eene logistique et le d\u00e9veloppement du commerce international. Il agit comme un interm\u00e9diaire essentiel entre les entreprises, les autorit\u00e9s douani\u00e8res, les transporteurs et l\u2019ensemble des acteurs de la supply chain. Son r\u00f4le d\u00e9passe largement la simple gestion administrative : il structure, s\u00e9curise et optimise les&#8230;<\/p>","protected":false},"author":3,"featured_media":0,"comment_status":"open","ping_status":"open","sticky":false,"template":"","format":"standard","meta":{"footnotes":""},"categories":[224],"tags":[],"class_list":["post-13989","post","type-post","status-publish","format-standard","hentry","category-uncategorized-fr","fav-blog blog-single"],"yoast_head":"<!-- This site is optimized with the Yoast SEO Premium plugin v24.4 (Yoast SEO v27.5) - https:\/\/yoast.com\/product\/yoast-seo-premium-wordpress\/ -->\n<title>Transitaire maroc - APPELTRANS<\/title>\n<meta name=\"description\" content=\"Le transitaire au Maroc occupe une place centrale dans la cha\u00eene logistique et le d\u00e9veloppement du commerce international...\" \/>\n<meta name=\"robots\" content=\"index, follow, max-snippet:-1, max-image-preview:large, max-video-preview:-1\" \/>\n<link rel=\"canonical\" href=\"https:\/\/www.appeltrans.com\/en\/2026\/02\/08\/transitaire_maroc_6\/\" \/>\n<meta property=\"og:locale\" content=\"en_US\" \/>\n<meta property=\"og:type\" content=\"article\" \/>\n<meta property=\"og:title\" content=\"Transitaire au Maroc : un acteur strat\u00e9gique du commerce international\" \/>\n<meta property=\"og:description\" content=\"Le transitaire au Maroc occupe une place centrale dans la cha\u00eene logistique et le d\u00e9veloppement du commerce international...\" \/>\n<meta property=\"og:url\" content=\"https:\/\/www.appeltrans.com\/en\/2026\/02\/08\/transitaire_maroc_6\/\" \/>\n<meta property=\"og:site_name\" content=\"APPELTRANS\" \/>\n<meta property=\"article:published_time\" content=\"2026-02-08T20:20:26+00:00\" \/>\n<meta property=\"article:modified_time\" content=\"2026-02-08T20:35:28+00:00\" \/>\n<meta property=\"og:image\" content=\"https:\/\/www.appeltrans.com\/wp-content\/uploads\/2024\/10\/douane-maroc.jpg\" \/>\n\t<meta property=\"og:image:width\" content=\"1200\" \/>\n\t<meta property=\"og:image:height\" content=\"675\" \/>\n\t<meta property=\"og:image:type\" content=\"image\/jpeg\" \/>\n<meta name=\"author\" content=\"Iliass Ouchida\" \/>\n<meta name=\"twitter:card\" content=\"summary_large_image\" \/>\n<meta name=\"twitter:label1\" content=\"Written by\" \/>\n\t<meta name=\"twitter:data1\" content=\"Iliass Ouchida\" \/>\n\t<meta name=\"twitter:label2\" content=\"Est. reading time\" \/>\n\t<meta name=\"twitter:data2\" content=\"3 minutes\" \/>\n<script type=\"application\/ld+json\" class=\"yoast-schema-graph\">{\"@context\":\"https:\\\/\\\/schema.org\",\"@graph\":[{\"@type\":\"Article\",\"@id\":\"https:\\\/\\\/www.appeltrans.com\\\/2026\\\/02\\\/08\\\/transitaire_maroc_6\\\/#article\",\"isPartOf\":{\"@id\":\"https:\\\/\\\/www.appeltrans.com\\\/2026\\\/02\\\/08\\\/transitaire_maroc_6\\\/\"},\"author\":{\"name\":\"Iliass Ouchida\",\"@id\":\"https:\\\/\\\/www.appeltrans.com\\\/#\\\/schema\\\/person\\\/c86eaff08dcd4f7baaec55746a9413cf\"},\"headline\":\"Transitaire au Maroc : un acteur strat\u00e9gique du commerce international\",\"datePublished\":\"2026-02-08T20:20:26+00:00\",\"dateModified\":\"2026-02-08T20:35:28+00:00\",\"mainEntityOfPage\":{\"@id\":\"https:\\\/\\\/www.appeltrans.com\\\/2026\\\/02\\\/08\\\/transitaire_maroc_6\\\/\"},\"wordCount\":539,\"commentCount\":0,\"publisher\":{\"@id\":\"https:\\\/\\\/www.appeltrans.com\\\/#organization\"},\"image\":{\"@id\":\"https:\\\/\\\/www.appeltrans.com\\\/2026\\\/02\\\/08\\\/transitaire_maroc_6\\\/#primaryimage\"},\"thumbnailUrl\":\"https:\\\/\\\/www.appeltrans.com\\\/wp-content\\\/uploads\\\/2024\\\/10\\\/douane-maroc-1024x576.jpg\",\"inLanguage\":\"en-US\",\"potentialAction\":[{\"@type\":\"CommentAction\",\"name\":\"Comment\",\"target\":[\"https:\\\/\\\/www.appeltrans.com\\\/2026\\\/02\\\/08\\\/transitaire_maroc_6\\\/#respond\"]}]},{\"@type\":\"WebPage\",\"@id\":\"https:\\\/\\\/www.appeltrans.com\\\/2026\\\/02\\\/08\\\/transitaire_maroc_6\\\/\",\"url\":\"https:\\\/\\\/www.appeltrans.com\\\/2026\\\/02\\\/08\\\/transitaire_maroc_6\\\/\",\"name\":\"Transitaire maroc - APPELTRANS\",\"isPartOf\":{\"@id\":\"https:\\\/\\\/www.appeltrans.com\\\/#website\"},\"primaryImageOfPage\":{\"@id\":\"https:\\\/\\\/www.appeltrans.com\\\/2026\\\/02\\\/08\\\/transitaire_maroc_6\\\/#primaryimage\"},\"image\":{\"@id\":\"https:\\\/\\\/www.appeltrans.com\\\/2026\\\/02\\\/08\\\/transitaire_maroc_6\\\/#primaryimage\"},\"thumbnailUrl\":\"https:\\\/\\\/www.appeltrans.com\\\/wp-content\\\/uploads\\\/2024\\\/10\\\/douane-maroc-1024x576.jpg\",\"datePublished\":\"2026-02-08T20:20:26+00:00\",\"dateModified\":\"2026-02-08T20:35:28+00:00\",\"description\":\"Le transitaire au Maroc occupe une place centrale dans la cha\u00eene logistique et le d\u00e9veloppement du commerce international...\",\"breadcrumb\":{\"@id\":\"https:\\\/\\\/www.appeltrans.com\\\/2026\\\/02\\\/08\\\/transitaire_maroc_6\\\/#breadcrumb\"},\"inLanguage\":\"en-US\",\"potentialAction\":[{\"@type\":\"ReadAction\",\"target\":[\"https:\\\/\\\/www.appeltrans.com\\\/2026\\\/02\\\/08\\\/transitaire_maroc_6\\\/\"]}]},{\"@type\":\"ImageObject\",\"inLanguage\":\"en-US\",\"@id\":\"https:\\\/\\\/www.appeltrans.com\\\/2026\\\/02\\\/08\\\/transitaire_maroc_6\\\/#primaryimage\",\"url\":\"https:\\\/\\\/www.appeltrans.com\\\/wp-content\\\/uploads\\\/2024\\\/10\\\/douane-maroc-1024x576.jpg\",\"contentUrl\":\"https:\\\/\\\/www.appeltrans.com\\\/wp-content\\\/uploads\\\/2024\\\/10\\\/douane-maroc-1024x576.jpg\"},{\"@type\":\"BreadcrumbList\",\"@id\":\"https:\\\/\\\/www.appeltrans.com\\\/2026\\\/02\\\/08\\\/transitaire_maroc_6\\\/#breadcrumb\",\"itemListElement\":[{\"@type\":\"ListItem\",\"position\":1,\"name\":\"Home\",\"item\":\"https:\\\/\\\/www.appeltrans.com\\\/\"},{\"@type\":\"ListItem\",\"position\":2,\"name\":\"Transitaire au Maroc : un acteur strat\u00e9gique du commerce international\"}]},{\"@type\":\"WebSite\",\"@id\":\"https:\\\/\\\/www.appeltrans.com\\\/#website\",\"url\":\"https:\\\/\\\/www.appeltrans.com\\\/\",\"name\":\"APPELTRANS\",\"description\":\"transport international- transit maroc-transport routier maroc- transport national\",\"publisher\":{\"@id\":\"https:\\\/\\\/www.appeltrans.com\\\/#organization\"},\"potentialAction\":[{\"@type\":\"SearchAction\",\"target\":{\"@type\":\"EntryPoint\",\"urlTemplate\":\"https:\\\/\\\/www.appeltrans.com\\\/?s={search_term_string}\"},\"query-input\":{\"@type\":\"PropertyValueSpecification\",\"valueRequired\":true,\"valueName\":\"search_term_string\"}}],\"inLanguage\":\"en-US\"},{\"@type\":\"Organization\",\"@id\":\"https:\\\/\\\/www.appeltrans.com\\\/#organization\",\"name\":\"APPELTRANS\",\"url\":\"https:\\\/\\\/www.appeltrans.com\\\/\",\"logo\":{\"@type\":\"ImageObject\",\"inLanguage\":\"en-US\",\"@id\":\"https:\\\/\\\/www.appeltrans.com\\\/#\\\/schema\\\/logo\\\/image\\\/\",\"url\":\"https:\\\/\\\/www.appeltrans.com\\\/wp-content\\\/uploads\\\/2024\\\/10\\\/cropped-logo.png\",\"contentUrl\":\"https:\\\/\\\/www.appeltrans.com\\\/wp-content\\\/uploads\\\/2024\\\/10\\\/cropped-logo.png\",\"width\":512,\"height\":512,\"caption\":\"APPELTRANS\"},\"image\":{\"@id\":\"https:\\\/\\\/www.appeltrans.com\\\/#\\\/schema\\\/logo\\\/image\\\/\"},\"publishingPrinciples\":\"https:\\\/\\\/www.appeltrans.com\\\/\"},{\"@type\":\"Person\",\"@id\":\"https:\\\/\\\/www.appeltrans.com\\\/#\\\/schema\\\/person\\\/c86eaff08dcd4f7baaec55746a9413cf\",\"name\":\"Iliass Ouchida\",\"image\":{\"@type\":\"ImageObject\",\"inLanguage\":\"en-US\",\"@id\":\"https:\\\/\\\/secure.gravatar.com\\\/avatar\\\/9d97b51425d0f56ef6d6f35041d7949c0dbfda23c41e229a0ceed392cff635c9?s=96&d=mm&r=g\",\"url\":\"https:\\\/\\\/secure.gravatar.com\\\/avatar\\\/9d97b51425d0f56ef6d6f35041d7949c0dbfda23c41e229a0ceed392cff635c9?s=96&d=mm&r=g\",\"contentUrl\":\"https:\\\/\\\/secure.gravatar.com\\\/avatar\\\/9d97b51425d0f56ef6d6f35041d7949c0dbfda23c41e229a0ceed392cff635c9?s=96&d=mm&r=g\",\"caption\":\"Iliass Ouchida\"},\"url\":\"https:\\\/\\\/www.appeltrans.com\\\/en\\\/author\\\/appeltrans-2\\\/\"}]}<\/script>\n<!-- \/ Yoast SEO Premium plugin. -->","yoast_head_json":{"title":"Transitaire maroc - APPELTRANS","description":"Le transitaire au Maroc occupe une place centrale dans la cha\u00eene logistique et le d\u00e9veloppement du commerce international...","robots":{"index":"index","follow":"follow","max-snippet":"max-snippet:-1","max-image-preview":"max-image-preview:large","max-video-preview":"max-video-preview:-1"},"canonical":"https:\/\/www.appeltrans.com\/en\/2026\/02\/08\/transitaire_maroc_6\/","og_locale":"en_US","og_type":"article","og_title":"Transitaire au Maroc : un acteur strat\u00e9gique du commerce international","og_description":"Le transitaire au Maroc occupe une place centrale dans la cha\u00eene logistique et le d\u00e9veloppement du commerce international...","og_url":"https:\/\/www.appeltrans.com\/en\/2026\/02\/08\/transitaire_maroc_6\/","og_site_name":"APPELTRANS","article_published_time":"2026-02-08T20:20:26+00:00","article_modified_time":"2026-02-08T20:35:28+00:00","og_image":[{"width":1200,"height":675,"url":"https:\/\/www.appeltrans.com\/wp-content\/uploads\/2024\/10\/douane-maroc.jpg","type":"image\/jpeg"}],"author":"Iliass Ouchida","twitter_card":"summary_large_image","twitter_misc":{"Written by":"Iliass Ouchida","Est. reading time":"3 minutes"},"schema":{"@context":"https:\/\/schema.org","@graph":[{"@type":"Article","@id":"https:\/\/www.appeltrans.com\/2026\/02\/08\/transitaire_maroc_6\/#article","isPartOf":{"@id":"https:\/\/www.appeltrans.com\/2026\/02\/08\/transitaire_maroc_6\/"},"author":{"name":"Iliass Ouchida","@id":"https:\/\/www.appeltrans.com\/#\/schema\/person\/c86eaff08dcd4f7baaec55746a9413cf"},"headline":"Transitaire au Maroc : un acteur strat\u00e9gique du commerce international","datePublished":"2026-02-08T20:20:26+00:00","dateModified":"2026-02-08T20:35:28+00:00","mainEntityOfPage":{"@id":"https:\/\/www.appeltrans.com\/2026\/02\/08\/transitaire_maroc_6\/"},"wordCount":539,"commentCount":0,"publisher":{"@id":"https:\/\/www.appeltrans.com\/#organization"},"image":{"@id":"https:\/\/www.appeltrans.com\/2026\/02\/08\/transitaire_maroc_6\/#primaryimage"},"thumbnailUrl":"https:\/\/www.appeltrans.com\/wp-content\/uploads\/2024\/10\/douane-maroc-1024x576.jpg","inLanguage":"en-US","potentialAction":[{"@type":"CommentAction","name":"Comment","target":["https:\/\/www.appeltrans.com\/2026\/02\/08\/transitaire_maroc_6\/#respond"]}]},{"@type":"WebPage","@id":"https:\/\/www.appeltrans.com\/2026\/02\/08\/transitaire_maroc_6\/","url":"https:\/\/www.appeltrans.com\/2026\/02\/08\/transitaire_maroc_6\/","name":"Transitaire maroc - APPELTRANS","isPartOf":{"@id":"https:\/\/www.appeltrans.com\/#website"},"primaryImageOfPage":{"@id":"https:\/\/www.appeltrans.com\/2026\/02\/08\/transitaire_maroc_6\/#primaryimage"},"image":{"@id":"https:\/\/www.appeltrans.com\/2026\/02\/08\/transitaire_maroc_6\/#primaryimage"},"thumbnailUrl":"https:\/\/www.appeltrans.com\/wp-content\/uploads\/2024\/10\/douane-maroc-1024x576.jpg","datePublished":"2026-02-08T20:20:26+00:00","dateModified":"2026-02-08T20:35:28+00:00","description":"Le transitaire au Maroc occupe une place centrale dans la cha\u00eene logistique et le d\u00e9veloppement du commerce international...","breadcrumb":{"@id":"https:\/\/www.appeltrans.com\/2026\/02\/08\/transitaire_maroc_6\/#breadcrumb"},"inLanguage":"en-US","potentialAction":[{"@type":"ReadAction","target":["https:\/\/www.appeltrans.com\/2026\/02\/08\/transitaire_maroc_6\/"]}]},{"@type":"ImageObject","inLanguage":"en-US","@id":"https:\/\/www.appeltrans.com\/2026\/02\/08\/transitaire_maroc_6\/#primaryimage","url":"https:\/\/www.appeltrans.com\/wp-content\/uploads\/2024\/10\/douane-maroc-1024x576.jpg","contentUrl":"https:\/\/www.appeltrans.com\/wp-content\/uploads\/2024\/10\/douane-maroc-1024x576.jpg"},{"@type":"BreadcrumbList","@id":"https:\/\/www.appeltrans.com\/2026\/02\/08\/transitaire_maroc_6\/#breadcrumb","itemListElement":[{"@type":"ListItem","position":1,"name":"Home","item":"https:\/\/www.appeltrans.com\/"},{"@type":"ListItem","position":2,"name":"Transitaire au Maroc : un acteur strat\u00e9gique du commerce international"}]},{"@type":"WebSite","@id":"https:\/\/www.appeltrans.com\/#website","url":"https:\/\/www.appeltrans.com\/","name":"APPELTRANS","description":"transport international- transit maroc-transport routier maroc- transport national","publisher":{"@id":"https:\/\/www.appeltrans.com\/#organization"},"potentialAction":[{"@type":"SearchAction","target":{"@type":"EntryPoint","urlTemplate":"https:\/\/www.appeltrans.com\/?s={search_term_string}"},"query-input":{"@type":"PropertyValueSpecification","valueRequired":true,"valueName":"search_term_string"}}],"inLanguage":"en-US"},{"@type":"Organization","@id":"https:\/\/www.appeltrans.com\/#organization","name":"APPELTRANS","url":"https:\/\/www.appeltrans.com\/","logo":{"@type":"ImageObject","inLanguage":"en-US","@id":"https:\/\/www.appeltrans.com\/#\/schema\/logo\/image\/","url":"https:\/\/www.appeltrans.com\/wp-content\/uploads\/2024\/10\/cropped-logo.png","contentUrl":"https:\/\/www.appeltrans.com\/wp-content\/uploads\/2024\/10\/cropped-logo.png","width":512,"height":512,"caption":"APPELTRANS"},"image":{"@id":"https:\/\/www.appeltrans.com\/#\/schema\/logo\/image\/"},"publishingPrinciples":"https:\/\/www.appeltrans.com\/"},{"@type":"Person","@id":"https:\/\/www.appeltrans.com\/#\/schema\/person\/c86eaff08dcd4f7baaec55746a9413cf","name":"Iliass Ouchida","image":{"@type":"ImageObject","inLanguage":"en-US","@id":"https:\/\/secure.gravatar.com\/avatar\/9d97b51425d0f56ef6d6f35041d7949c0dbfda23c41e229a0ceed392cff635c9?s=96&d=mm&r=g","url":"https:\/\/secure.gravatar.com\/avatar\/9d97b51425d0f56ef6d6f35041d7949c0dbfda23c41e229a0ceed392cff635c9?s=96&d=mm&r=g","contentUrl":"https:\/\/secure.gravatar.com\/avatar\/9d97b51425d0f56ef6d6f35041d7949c0dbfda23c41e229a0ceed392cff635c9?s=96&d=mm&r=g","caption":"Iliass Ouchida"},"url":"https:\/\/www.appeltrans.com\/en\/author\/appeltrans-2\/"}]}},"_links":{"self":[{"href":"https:\/\/www.appeltrans.com\/en\/wp-json\/wp\/v2\/posts\/13989","targetHints":{"allow":["GET"]}}],"collection":[{"href":"https:\/\/www.appeltrans.com\/en\/wp-json\/wp\/v2\/posts"}],"about":[{"href":"https:\/\/www.appeltrans.com\/en\/wp-json\/wp\/v2\/types\/post"}],"author":[{"embeddable":true,"href":"https:\/\/www.appeltrans.com\/en\/wp-json\/wp\/v2\/users\/3"}],"replies":[{"embeddable":true,"href":"https:\/\/www.appeltrans.com\/en\/wp-json\/wp\/v2\/comments?post=13989"}],"version-history":[{"count":0,"href":"https:\/\/www.appeltrans.com\/en\/wp-json\/wp\/v2\/posts\/13989\/revisions"}],"wp:attachment":[{"href":"https:\/\/www.appeltrans.com\/en\/wp-json\/wp\/v2\/media?parent=13989"}],"wp:term":[{"taxonomy":"category","embeddable":true,"href":"https:\/\/www.appeltrans.com\/en\/wp-json\/wp\/v2\/categories?post=13989"},{"taxonomy":"post_tag","embeddable":true,"href":"https:\/\/www.appeltrans.com\/en\/wp-json\/wp\/v2\/tags?post=13989"}],"curies":[{"name":"wp","href":"https:\/\/api.w.org\/{rel}","templated":true}]}}