{"id":13987,"date":"2026-02-08T20:15:18","date_gmt":"2026-02-08T20:15:18","guid":{"rendered":"https:\/\/www.appeltrans.com\/?p=13987"},"modified":"2026-02-08T20:15:22","modified_gmt":"2026-02-08T20:15:22","slug":"transport_aerien_m","status":"publish","type":"post","link":"https:\/\/www.appeltrans.com\/en\/2026\/02\/08\/transport_aerien_m\/","title":{"rendered":"Transport a\u00e9rien : la solution logistique de la rapidit\u00e9 et de la performance"},"content":{"rendered":"<p>Le <strong><a href=\"https:\/\/www.appeltrans.com\/en\/transport-aerien-123\/\">transport a\u00e9rien<\/a><\/strong> est aujourd\u2019hui l\u2019un des modes de transport les plus strat\u00e9giques dans le commerce international moderne. Il r\u00e9pond aux besoins de rapidit\u00e9, de fiabilit\u00e9 et de performance exig\u00e9s par les entreprises \u00e9voluant dans des march\u00e9s de plus en plus comp\u00e9titifs. Gr\u00e2ce \u00e0 sa capacit\u00e9 \u00e0 connecter rapidement les continents, le transport a\u00e9rien permet l\u2019acheminement des marchandises dans des d\u00e9lais tr\u00e8s courts, r\u00e9duisant consid\u00e9rablement les temps de livraison.<\/p>\n\n\n\n<p>Au Maroc, le d\u00e9veloppement des infrastructures a\u00e9roportuaires et logistiques renforce le r\u00f4le du <strong>transport a\u00e9rien de marchandises<\/strong> dans la dynamique \u00e9conomique nationale. Il constitue un levier essentiel pour les secteurs n\u00e9cessitant une logistique rapide, s\u00e9curis\u00e9e et pr\u00e9cise, tels que l\u2019industrie, la pharmacie, l\u2019\u00e9lectronique, l\u2019agroalimentaire et le commerce international.<\/p>\n\n\n\n<h2 class=\"wp-block-heading\" id=\"h-un-mode-de-transport-oriente-vers-l-urgence-et-la-valeur-ajoutee\">Un mode de transport orient\u00e9 vers l\u2019urgence et la valeur ajout\u00e9e<\/h2>\n\n\n\n<p>Le transport a\u00e9rien est particuli\u00e8rement adapt\u00e9 aux marchandises \u00e0 forte valeur ajout\u00e9e ou sensibles au facteur temps. Il permet de r\u00e9pondre efficacement aux exigences de livraisons urgentes, de flux tendus et de gestion des stocks optimis\u00e9s.<\/p>\n\n\n\n<p>Les entreprises choisissent le fret a\u00e9rien pour :<\/p>\n\n\n\n<ul class=\"wp-block-list\">\n<li>la rapidit\u00e9 des d\u00e9lais de livraison<\/li>\n\n\n\n<li>la fiabilit\u00e9 des op\u00e9rations<\/li>\n\n\n\n<li>la s\u00e9curit\u00e9 des marchandises<\/li>\n\n\n\n<li>la couverture internationale<\/li>\n\n\n\n<li>la continuit\u00e9 des flux logistiques<\/li>\n<\/ul>\n\n\n\n<p>Le <strong>transport a\u00e9rien international<\/strong> devient ainsi un outil strat\u00e9gique pour la comp\u00e9titivit\u00e9 des entreprises.<\/p>\n\n\n\n<figure class=\"wp-block-image size-large\"><img fetchpriority=\"high\" decoding=\"async\" width=\"643\" height=\"1024\" src=\"https:\/\/www.appeltrans.com\/wp-content\/uploads\/2024\/10\/jumbo-jet-flying-sky-2-1-643x1024.jpg\" alt=\"transport international Transport a\u00e9rien\" class=\"wp-image-12700\" srcset=\"https:\/\/www.appeltrans.com\/wp-content\/uploads\/2024\/10\/jumbo-jet-flying-sky-2-1-643x1024.jpg 643w, https:\/\/www.appeltrans.com\/wp-content\/uploads\/2024\/10\/jumbo-jet-flying-sky-2-1-188x300.jpg 188w, https:\/\/www.appeltrans.com\/wp-content\/uploads\/2024\/10\/jumbo-jet-flying-sky-2-1-768x1223.jpg 768w, https:\/\/www.appeltrans.com\/wp-content\/uploads\/2024\/10\/jumbo-jet-flying-sky-2-1-965x1536.jpg 965w, https:\/\/www.appeltrans.com\/wp-content\/uploads\/2024\/10\/jumbo-jet-flying-sky-2-1-1286x2048.jpg 1286w, https:\/\/www.appeltrans.com\/wp-content\/uploads\/2024\/10\/jumbo-jet-flying-sky-2-1-scaled.jpg 1608w\" sizes=\"(max-width: 643px) 100vw, 643px\" \/><\/figure>\n\n\n\n<h2 class=\"wp-block-heading\" id=\"h-integration-du-transport-aerien-dans-la-chaine-logistique\">Int\u00e9gration du transport a\u00e9rien dans la cha\u00eene logistique<\/h2>\n\n\n\n<p>Le transport a\u00e9rien s\u2019inscrit dans une <strong>logistique multimodale<\/strong>, combinant les modes routier, maritime et a\u00e9rien afin d\u2019optimiser les flux de marchandises. Cette compl\u00e9mentarit\u00e9 permet une gestion fluide des op\u00e9rations depuis le point d\u2019origine jusqu\u2019\u00e0 la destination finale.<\/p>\n\n\n\n<p>Il joue un r\u00f4le central dans :<\/p>\n\n\n\n<ul class=\"wp-block-list\">\n<li>la gestion des flux internationaux<\/li>\n\n\n\n<li>la r\u00e9duction des d\u00e9lais logistiques<\/li>\n\n\n\n<li>l\u2019optimisation de la supply chain<\/li>\n\n\n\n<li>la s\u00e9curisation des marchandises<\/li>\n\n\n\n<li>la coordination logistique globale<\/li>\n<\/ul>\n\n\n\n<p>Cette int\u00e9gration renforce la performance globale de la cha\u00eene logistique.<\/p>\n\n\n\n<h2 class=\"wp-block-heading\" id=\"h-securite-tracabilite-et-performance-operationnelle\">S\u00e9curit\u00e9, tra\u00e7abilit\u00e9 et performance op\u00e9rationnelle<\/h2>\n\n\n\n<p>Le transport a\u00e9rien repose sur des normes internationales strictes garantissant un haut niveau de s\u00e9curit\u00e9 et de conformit\u00e9. Les syst\u00e8mes de tra\u00e7abilit\u00e9, de suivi en temps r\u00e9el et de contr\u00f4le permettent une gestion rigoureuse des marchandises tout au long du parcours logistique.<\/p>\n\n\n\n<p>Cette organisation assure :<\/p>\n\n\n\n<ul class=\"wp-block-list\">\n<li>la fiabilit\u00e9 des livraisons<\/li>\n\n\n\n<li>la transparence des op\u00e9rations<\/li>\n\n\n\n<li>la gestion des risques<\/li>\n\n\n\n<li>la conformit\u00e9 r\u00e9glementaire<\/li>\n\n\n\n<li>la qualit\u00e9 de service<\/li>\n<\/ul>\n\n\n\n<p>Le fret a\u00e9rien devient ainsi un mode de transport de confiance pour les \u00e9changes internationaux.<\/p>\n\n\n\n<h2 class=\"wp-block-heading\" id=\"h-transport-aerien-et-logistique-moderne\">Transport a\u00e9rien et logistique moderne<\/h2>\n\n\n\n<p>Dans un contexte de mondialisation acc\u00e9l\u00e9r\u00e9e, le <a href=\"https:\/\/www.appeltrans.com\/en\/transport-aerien-123\/\"><strong>transport a\u00e9rien<\/strong> <\/a>joue un r\u00f4le structurant dans l\u2019\u00e9volution des cha\u00eenes logistiques modernes. Il permet aux entreprises d\u2019acc\u00e9der rapidement aux march\u00e9s internationaux, de r\u00e9duire leurs d\u00e9lais de mise sur le march\u00e9 et d\u2019am\u00e9liorer leur r\u00e9activit\u00e9 face aux fluctuations de la demande.<\/p>\n\n\n\n<p>Au Maroc, le d\u00e9veloppement du transport a\u00e9rien de marchandises contribue \u00e0 la modernisation du secteur logistique national et au renforcement de la comp\u00e9titivit\u00e9 des entreprises marocaines sur la sc\u00e8ne internationale.<\/p>\n\n\n\n<p><a href=\"https:\/\/www.linkedin.com\/company\/appel-trans\/?originalSubdomain=ma\">LinkedIn<\/a><\/p>","protected":false},"excerpt":{"rendered":"<p>Le transport a\u00e9rien est aujourd\u2019hui l\u2019un des modes de transport les plus strat\u00e9giques dans le commerce international moderne. Il r\u00e9pond aux besoins de rapidit\u00e9, de fiabilit\u00e9 et de performance exig\u00e9s par les entreprises \u00e9voluant dans des march\u00e9s de plus en plus comp\u00e9titifs. Gr\u00e2ce \u00e0 sa capacit\u00e9 \u00e0 connecter rapidement les continents, le transport a\u00e9rien permet&#8230;<\/p>","protected":false},"author":3,"featured_media":0,"comment_status":"open","ping_status":"open","sticky":false,"template":"","format":"standard","meta":{"footnotes":""},"categories":[224],"tags":[],"class_list":["post-13987","post","type-post","status-publish","format-standard","hentry","category-uncategorized-fr","fav-blog blog-single"],"yoast_head":"<!-- This site is optimized with the Yoast SEO Premium plugin v24.4 (Yoast SEO v27.5) - https:\/\/yoast.com\/product\/yoast-seo-premium-wordpress\/ -->\n<title>Transport a\u00e9rien- APPELTRANS<\/title>\n<meta name=\"description\" content=\"Le transport a\u00e9rien est aujourd\u2019hui l\u2019un des modes de transport les plus strat\u00e9giques dans le commerce international moderne...\" \/>\n<meta name=\"robots\" content=\"index, follow, max-snippet:-1, max-image-preview:large, max-video-preview:-1\" \/>\n<link rel=\"canonical\" href=\"https:\/\/www.appeltrans.com\/en\/2026\/02\/08\/transport_aerien_m\/\" \/>\n<meta property=\"og:locale\" content=\"en_US\" \/>\n<meta property=\"og:type\" content=\"article\" \/>\n<meta property=\"og:title\" content=\"Transport a\u00e9rien : la solution logistique de la rapidit\u00e9 et de la performance\" \/>\n<meta property=\"og:description\" content=\"Le transport a\u00e9rien est aujourd\u2019hui l\u2019un des modes de transport les plus strat\u00e9giques dans le commerce international moderne...\" \/>\n<meta property=\"og:url\" content=\"https:\/\/www.appeltrans.com\/en\/2026\/02\/08\/transport_aerien_m\/\" \/>\n<meta property=\"og:site_name\" content=\"APPELTRANS\" \/>\n<meta property=\"article:published_time\" content=\"2026-02-08T20:15:18+00:00\" \/>\n<meta property=\"article:modified_time\" content=\"2026-02-08T20:15:22+00:00\" \/>\n<meta property=\"og:image\" content=\"https:\/\/www.appeltrans.com\/wp-content\/uploads\/2024\/10\/jumbo-jet-flying-sky-2-1-scaled.jpg\" \/>\n\t<meta property=\"og:image:width\" content=\"1608\" \/>\n\t<meta property=\"og:image:height\" content=\"2560\" \/>\n\t<meta property=\"og:image:type\" content=\"image\/jpeg\" \/>\n<meta name=\"author\" content=\"Iliass Ouchida\" \/>\n<meta name=\"twitter:card\" content=\"summary_large_image\" \/>\n<meta name=\"twitter:label1\" content=\"Written by\" \/>\n\t<meta name=\"twitter:data1\" content=\"Iliass Ouchida\" \/>\n\t<meta name=\"twitter:label2\" content=\"Est. reading time\" \/>\n\t<meta name=\"twitter:data2\" content=\"3 minutes\" \/>\n<script type=\"application\/ld+json\" class=\"yoast-schema-graph\">{\"@context\":\"https:\\\/\\\/schema.org\",\"@graph\":[{\"@type\":\"Article\",\"@id\":\"https:\\\/\\\/www.appeltrans.com\\\/2026\\\/02\\\/08\\\/transport_aerien_m\\\/#article\",\"isPartOf\":{\"@id\":\"https:\\\/\\\/www.appeltrans.com\\\/2026\\\/02\\\/08\\\/transport_aerien_m\\\/\"},\"author\":{\"name\":\"Iliass Ouchida\",\"@id\":\"https:\\\/\\\/www.appeltrans.com\\\/#\\\/schema\\\/person\\\/c86eaff08dcd4f7baaec55746a9413cf\"},\"headline\":\"Transport a\u00e9rien : la solution logistique de la rapidit\u00e9 et de la performance\",\"datePublished\":\"2026-02-08T20:15:18+00:00\",\"dateModified\":\"2026-02-08T20:15:22+00:00\",\"mainEntityOfPage\":{\"@id\":\"https:\\\/\\\/www.appeltrans.com\\\/2026\\\/02\\\/08\\\/transport_aerien_m\\\/\"},\"wordCount\":556,\"commentCount\":0,\"publisher\":{\"@id\":\"https:\\\/\\\/www.appeltrans.com\\\/#organization\"},\"image\":{\"@id\":\"https:\\\/\\\/www.appeltrans.com\\\/2026\\\/02\\\/08\\\/transport_aerien_m\\\/#primaryimage\"},\"thumbnailUrl\":\"https:\\\/\\\/www.appeltrans.com\\\/wp-content\\\/uploads\\\/2024\\\/10\\\/jumbo-jet-flying-sky-2-1-643x1024.jpg\",\"inLanguage\":\"en-US\",\"potentialAction\":[{\"@type\":\"CommentAction\",\"name\":\"Comment\",\"target\":[\"https:\\\/\\\/www.appeltrans.com\\\/2026\\\/02\\\/08\\\/transport_aerien_m\\\/#respond\"]}]},{\"@type\":\"WebPage\",\"@id\":\"https:\\\/\\\/www.appeltrans.com\\\/2026\\\/02\\\/08\\\/transport_aerien_m\\\/\",\"url\":\"https:\\\/\\\/www.appeltrans.com\\\/2026\\\/02\\\/08\\\/transport_aerien_m\\\/\",\"name\":\"Transport a\u00e9rien- APPELTRANS\",\"isPartOf\":{\"@id\":\"https:\\\/\\\/www.appeltrans.com\\\/#website\"},\"primaryImageOfPage\":{\"@id\":\"https:\\\/\\\/www.appeltrans.com\\\/2026\\\/02\\\/08\\\/transport_aerien_m\\\/#primaryimage\"},\"image\":{\"@id\":\"https:\\\/\\\/www.appeltrans.com\\\/2026\\\/02\\\/08\\\/transport_aerien_m\\\/#primaryimage\"},\"thumbnailUrl\":\"https:\\\/\\\/www.appeltrans.com\\\/wp-content\\\/uploads\\\/2024\\\/10\\\/jumbo-jet-flying-sky-2-1-643x1024.jpg\",\"datePublished\":\"2026-02-08T20:15:18+00:00\",\"dateModified\":\"2026-02-08T20:15:22+00:00\",\"description\":\"Le transport a\u00e9rien est aujourd\u2019hui l\u2019un des modes de transport les plus strat\u00e9giques dans le commerce international moderne...\",\"breadcrumb\":{\"@id\":\"https:\\\/\\\/www.appeltrans.com\\\/2026\\\/02\\\/08\\\/transport_aerien_m\\\/#breadcrumb\"},\"inLanguage\":\"en-US\",\"potentialAction\":[{\"@type\":\"ReadAction\",\"target\":[\"https:\\\/\\\/www.appeltrans.com\\\/2026\\\/02\\\/08\\\/transport_aerien_m\\\/\"]}]},{\"@type\":\"ImageObject\",\"inLanguage\":\"en-US\",\"@id\":\"https:\\\/\\\/www.appeltrans.com\\\/2026\\\/02\\\/08\\\/transport_aerien_m\\\/#primaryimage\",\"url\":\"https:\\\/\\\/www.appeltrans.com\\\/wp-content\\\/uploads\\\/2024\\\/10\\\/jumbo-jet-flying-sky-2-1-643x1024.jpg\",\"contentUrl\":\"https:\\\/\\\/www.appeltrans.com\\\/wp-content\\\/uploads\\\/2024\\\/10\\\/jumbo-jet-flying-sky-2-1-643x1024.jpg\"},{\"@type\":\"BreadcrumbList\",\"@id\":\"https:\\\/\\\/www.appeltrans.com\\\/2026\\\/02\\\/08\\\/transport_aerien_m\\\/#breadcrumb\",\"itemListElement\":[{\"@type\":\"ListItem\",\"position\":1,\"name\":\"Home\",\"item\":\"https:\\\/\\\/www.appeltrans.com\\\/\"},{\"@type\":\"ListItem\",\"position\":2,\"name\":\"Transport a\u00e9rien : la solution logistique de la rapidit\u00e9 et de la performance\"}]},{\"@type\":\"WebSite\",\"@id\":\"https:\\\/\\\/www.appeltrans.com\\\/#website\",\"url\":\"https:\\\/\\\/www.appeltrans.com\\\/\",\"name\":\"APPELTRANS\",\"description\":\"transport international- transit maroc-transport routier maroc- transport national\",\"publisher\":{\"@id\":\"https:\\\/\\\/www.appeltrans.com\\\/#organization\"},\"potentialAction\":[{\"@type\":\"SearchAction\",\"target\":{\"@type\":\"EntryPoint\",\"urlTemplate\":\"https:\\\/\\\/www.appeltrans.com\\\/?s={search_term_string}\"},\"query-input\":{\"@type\":\"PropertyValueSpecification\",\"valueRequired\":true,\"valueName\":\"search_term_string\"}}],\"inLanguage\":\"en-US\"},{\"@type\":\"Organization\",\"@id\":\"https:\\\/\\\/www.appeltrans.com\\\/#organization\",\"name\":\"APPELTRANS\",\"url\":\"https:\\\/\\\/www.appeltrans.com\\\/\",\"logo\":{\"@type\":\"ImageObject\",\"inLanguage\":\"en-US\",\"@id\":\"https:\\\/\\\/www.appeltrans.com\\\/#\\\/schema\\\/logo\\\/image\\\/\",\"url\":\"https:\\\/\\\/www.appeltrans.com\\\/wp-content\\\/uploads\\\/2024\\\/10\\\/cropped-logo.png\",\"contentUrl\":\"https:\\\/\\\/www.appeltrans.com\\\/wp-content\\\/uploads\\\/2024\\\/10\\\/cropped-logo.png\",\"width\":512,\"height\":512,\"caption\":\"APPELTRANS\"},\"image\":{\"@id\":\"https:\\\/\\\/www.appeltrans.com\\\/#\\\/schema\\\/logo\\\/image\\\/\"},\"publishingPrinciples\":\"https:\\\/\\\/www.appeltrans.com\\\/\"},{\"@type\":\"Person\",\"@id\":\"https:\\\/\\\/www.appeltrans.com\\\/#\\\/schema\\\/person\\\/c86eaff08dcd4f7baaec55746a9413cf\",\"name\":\"Iliass Ouchida\",\"image\":{\"@type\":\"ImageObject\",\"inLanguage\":\"en-US\",\"@id\":\"https:\\\/\\\/secure.gravatar.com\\\/avatar\\\/9d97b51425d0f56ef6d6f35041d7949c0dbfda23c41e229a0ceed392cff635c9?s=96&d=mm&r=g\",\"url\":\"https:\\\/\\\/secure.gravatar.com\\\/avatar\\\/9d97b51425d0f56ef6d6f35041d7949c0dbfda23c41e229a0ceed392cff635c9?s=96&d=mm&r=g\",\"contentUrl\":\"https:\\\/\\\/secure.gravatar.com\\\/avatar\\\/9d97b51425d0f56ef6d6f35041d7949c0dbfda23c41e229a0ceed392cff635c9?s=96&d=mm&r=g\",\"caption\":\"Iliass Ouchida\"},\"url\":\"https:\\\/\\\/www.appeltrans.com\\\/en\\\/author\\\/appeltrans-2\\\/\"}]}<\/script>\n<!-- \/ Yoast SEO Premium plugin. -->","yoast_head_json":{"title":"Transport a\u00e9rien- APPELTRANS","description":"Le transport a\u00e9rien est aujourd\u2019hui l\u2019un des modes de transport les plus strat\u00e9giques dans le commerce international moderne...","robots":{"index":"index","follow":"follow","max-snippet":"max-snippet:-1","max-image-preview":"max-image-preview:large","max-video-preview":"max-video-preview:-1"},"canonical":"https:\/\/www.appeltrans.com\/en\/2026\/02\/08\/transport_aerien_m\/","og_locale":"en_US","og_type":"article","og_title":"Transport a\u00e9rien : la solution logistique de la rapidit\u00e9 et de la performance","og_description":"Le transport a\u00e9rien est aujourd\u2019hui l\u2019un des modes de transport les plus strat\u00e9giques dans le commerce international moderne...","og_url":"https:\/\/www.appeltrans.com\/en\/2026\/02\/08\/transport_aerien_m\/","og_site_name":"APPELTRANS","article_published_time":"2026-02-08T20:15:18+00:00","article_modified_time":"2026-02-08T20:15:22+00:00","og_image":[{"width":1608,"height":2560,"url":"https:\/\/www.appeltrans.com\/wp-content\/uploads\/2024\/10\/jumbo-jet-flying-sky-2-1-scaled.jpg","type":"image\/jpeg"}],"author":"Iliass Ouchida","twitter_card":"summary_large_image","twitter_misc":{"Written by":"Iliass Ouchida","Est. reading time":"3 minutes"},"schema":{"@context":"https:\/\/schema.org","@graph":[{"@type":"Article","@id":"https:\/\/www.appeltrans.com\/2026\/02\/08\/transport_aerien_m\/#article","isPartOf":{"@id":"https:\/\/www.appeltrans.com\/2026\/02\/08\/transport_aerien_m\/"},"author":{"name":"Iliass Ouchida","@id":"https:\/\/www.appeltrans.com\/#\/schema\/person\/c86eaff08dcd4f7baaec55746a9413cf"},"headline":"Transport a\u00e9rien : la solution logistique de la rapidit\u00e9 et de la performance","datePublished":"2026-02-08T20:15:18+00:00","dateModified":"2026-02-08T20:15:22+00:00","mainEntityOfPage":{"@id":"https:\/\/www.appeltrans.com\/2026\/02\/08\/transport_aerien_m\/"},"wordCount":556,"commentCount":0,"publisher":{"@id":"https:\/\/www.appeltrans.com\/#organization"},"image":{"@id":"https:\/\/www.appeltrans.com\/2026\/02\/08\/transport_aerien_m\/#primaryimage"},"thumbnailUrl":"https:\/\/www.appeltrans.com\/wp-content\/uploads\/2024\/10\/jumbo-jet-flying-sky-2-1-643x1024.jpg","inLanguage":"en-US","potentialAction":[{"@type":"CommentAction","name":"Comment","target":["https:\/\/www.appeltrans.com\/2026\/02\/08\/transport_aerien_m\/#respond"]}]},{"@type":"WebPage","@id":"https:\/\/www.appeltrans.com\/2026\/02\/08\/transport_aerien_m\/","url":"https:\/\/www.appeltrans.com\/2026\/02\/08\/transport_aerien_m\/","name":"Transport a\u00e9rien- APPELTRANS","isPartOf":{"@id":"https:\/\/www.appeltrans.com\/#website"},"primaryImageOfPage":{"@id":"https:\/\/www.appeltrans.com\/2026\/02\/08\/transport_aerien_m\/#primaryimage"},"image":{"@id":"https:\/\/www.appeltrans.com\/2026\/02\/08\/transport_aerien_m\/#primaryimage"},"thumbnailUrl":"https:\/\/www.appeltrans.com\/wp-content\/uploads\/2024\/10\/jumbo-jet-flying-sky-2-1-643x1024.jpg","datePublished":"2026-02-08T20:15:18+00:00","dateModified":"2026-02-08T20:15:22+00:00","description":"Le transport a\u00e9rien est aujourd\u2019hui l\u2019un des modes de transport les plus strat\u00e9giques dans le commerce international moderne...","breadcrumb":{"@id":"https:\/\/www.appeltrans.com\/2026\/02\/08\/transport_aerien_m\/#breadcrumb"},"inLanguage":"en-US","potentialAction":[{"@type":"ReadAction","target":["https:\/\/www.appeltrans.com\/2026\/02\/08\/transport_aerien_m\/"]}]},{"@type":"ImageObject","inLanguage":"en-US","@id":"https:\/\/www.appeltrans.com\/2026\/02\/08\/transport_aerien_m\/#primaryimage","url":"https:\/\/www.appeltrans.com\/wp-content\/uploads\/2024\/10\/jumbo-jet-flying-sky-2-1-643x1024.jpg","contentUrl":"https:\/\/www.appeltrans.com\/wp-content\/uploads\/2024\/10\/jumbo-jet-flying-sky-2-1-643x1024.jpg"},{"@type":"BreadcrumbList","@id":"https:\/\/www.appeltrans.com\/2026\/02\/08\/transport_aerien_m\/#breadcrumb","itemListElement":[{"@type":"ListItem","position":1,"name":"Home","item":"https:\/\/www.appeltrans.com\/"},{"@type":"ListItem","position":2,"name":"Transport a\u00e9rien : la solution logistique de la rapidit\u00e9 et de la performance"}]},{"@type":"WebSite","@id":"https:\/\/www.appeltrans.com\/#website","url":"https:\/\/www.appeltrans.com\/","name":"APPELTRANS","description":"transport international- transit maroc-transport routier maroc- transport national","publisher":{"@id":"https:\/\/www.appeltrans.com\/#organization"},"potentialAction":[{"@type":"SearchAction","target":{"@type":"EntryPoint","urlTemplate":"https:\/\/www.appeltrans.com\/?s={search_term_string}"},"query-input":{"@type":"PropertyValueSpecification","valueRequired":true,"valueName":"search_term_string"}}],"inLanguage":"en-US"},{"@type":"Organization","@id":"https:\/\/www.appeltrans.com\/#organization","name":"APPELTRANS","url":"https:\/\/www.appeltrans.com\/","logo":{"@type":"ImageObject","inLanguage":"en-US","@id":"https:\/\/www.appeltrans.com\/#\/schema\/logo\/image\/","url":"https:\/\/www.appeltrans.com\/wp-content\/uploads\/2024\/10\/cropped-logo.png","contentUrl":"https:\/\/www.appeltrans.com\/wp-content\/uploads\/2024\/10\/cropped-logo.png","width":512,"height":512,"caption":"APPELTRANS"},"image":{"@id":"https:\/\/www.appeltrans.com\/#\/schema\/logo\/image\/"},"publishingPrinciples":"https:\/\/www.appeltrans.com\/"},{"@type":"Person","@id":"https:\/\/www.appeltrans.com\/#\/schema\/person\/c86eaff08dcd4f7baaec55746a9413cf","name":"Iliass Ouchida","image":{"@type":"ImageObject","inLanguage":"en-US","@id":"https:\/\/secure.gravatar.com\/avatar\/9d97b51425d0f56ef6d6f35041d7949c0dbfda23c41e229a0ceed392cff635c9?s=96&d=mm&r=g","url":"https:\/\/secure.gravatar.com\/avatar\/9d97b51425d0f56ef6d6f35041d7949c0dbfda23c41e229a0ceed392cff635c9?s=96&d=mm&r=g","contentUrl":"https:\/\/secure.gravatar.com\/avatar\/9d97b51425d0f56ef6d6f35041d7949c0dbfda23c41e229a0ceed392cff635c9?s=96&d=mm&r=g","caption":"Iliass Ouchida"},"url":"https:\/\/www.appeltrans.com\/en\/author\/appeltrans-2\/"}]}},"_links":{"self":[{"href":"https:\/\/www.appeltrans.com\/en\/wp-json\/wp\/v2\/posts\/13987","targetHints":{"allow":["GET"]}}],"collection":[{"href":"https:\/\/www.appeltrans.com\/en\/wp-json\/wp\/v2\/posts"}],"about":[{"href":"https:\/\/www.appeltrans.com\/en\/wp-json\/wp\/v2\/types\/post"}],"author":[{"embeddable":true,"href":"https:\/\/www.appeltrans.com\/en\/wp-json\/wp\/v2\/users\/3"}],"replies":[{"embeddable":true,"href":"https:\/\/www.appeltrans.com\/en\/wp-json\/wp\/v2\/comments?post=13987"}],"version-history":[{"count":0,"href":"https:\/\/www.appeltrans.com\/en\/wp-json\/wp\/v2\/posts\/13987\/revisions"}],"wp:attachment":[{"href":"https:\/\/www.appeltrans.com\/en\/wp-json\/wp\/v2\/media?parent=13987"}],"wp:term":[{"taxonomy":"category","embeddable":true,"href":"https:\/\/www.appeltrans.com\/en\/wp-json\/wp\/v2\/categories?post=13987"},{"taxonomy":"post_tag","embeddable":true,"href":"https:\/\/www.appeltrans.com\/en\/wp-json\/wp\/v2\/tags?post=13987"}],"curies":[{"name":"wp","href":"https:\/\/api.w.org\/{rel}","templated":true}]}}