{"id":13982,"date":"2026-02-07T10:40:30","date_gmt":"2026-02-07T10:40:30","guid":{"rendered":"https:\/\/www.appeltrans.com\/?p=13982"},"modified":"2026-02-20T16:28:58","modified_gmt":"2026-02-20T16:28:58","slug":"transport_routier_international","status":"publish","type":"post","link":"https:\/\/www.appeltrans.com\/en\/2026\/02\/07\/transport_routier_international\/","title":{"rendered":"Transport routier international : un maillon cl\u00e9 de la logistique transfrontali\u00e8re"},"content":{"rendered":"<p>Le <strong><a href=\"https:\/\/www.appeltrans.com\/en\/2025\/10\/24\/transport_routier_international_26\/\">transport routier international<\/a><\/strong> occupe une place strat\u00e9gique dans les \u00e9changes commerciaux entre les pays. Il permet l\u2019acheminement direct des marchandises au-del\u00e0 des fronti\u00e8res, reliant les march\u00e9s, les zones industrielles et les centres logistiques \u00e0 l\u2019\u00e9chelle r\u00e9gionale et continentale. Pour le Maroc, ce mode de transport repr\u00e9sente un levier majeur de connexion avec l\u2019Europe, l\u2019Afrique et les march\u00e9s internationaux.<\/p>\n\n\n\n<p>Gr\u00e2ce \u00e0 sa flexibilit\u00e9 op\u00e9rationnelle, le transport routier international permet une grande adaptabilit\u00e9 aux besoins des entreprises. Il facilite aussi bien le transport en chargement complet que le transport en groupage, offrant des solutions logistiques adapt\u00e9es aux volumes, aux d\u00e9lais et aux contraintes sp\u00e9cifiques de chaque activit\u00e9.<\/p>\n\n\n\n<figure class=\"wp-block-gallery has-nested-images columns-default is-cropped wp-block-gallery-1 is-layout-flex wp-block-gallery-is-layout-flex\">\n<figure class=\"wp-block-image size-large\"><img fetchpriority=\"high\" decoding=\"async\" width=\"1024\" height=\"408\" data-id=\"12696\" src=\"https:\/\/www.appeltrans.com\/wp-content\/uploads\/2024\/10\/truck-logistics-operations-dusk-1024x408.jpg\" alt=\"transport routier maroc Le transport routier international consiste \u00e0 transporter des marchandises par voie terrestre entre diff\u00e9rents pays.\" class=\"wp-image-12696\" srcset=\"https:\/\/www.appeltrans.com\/wp-content\/uploads\/2024\/10\/truck-logistics-operations-dusk-1024x408.jpg 1024w, https:\/\/www.appeltrans.com\/wp-content\/uploads\/2024\/10\/truck-logistics-operations-dusk-300x119.jpg 300w, https:\/\/www.appeltrans.com\/wp-content\/uploads\/2024\/10\/truck-logistics-operations-dusk-768x306.jpg 768w, https:\/\/www.appeltrans.com\/wp-content\/uploads\/2024\/10\/truck-logistics-operations-dusk-1536x612.jpg 1536w, https:\/\/www.appeltrans.com\/wp-content\/uploads\/2024\/10\/truck-logistics-operations-dusk-2048x815.jpg 2048w\" sizes=\"(max-width: 1024px) 100vw, 1024px\" \/><\/figure>\n<\/figure>\n\n\n\n<h2 class=\"wp-block-heading\" id=\"h-un-mode-de-transport-au-coeur-des-echanges-internationaux\">Un mode de transport au c\u0153ur des \u00e9changes internationaux<\/h2>\n\n\n\n<p>Le transport routier international joue un r\u00f4le fondamental dans la structuration des <strong>corridors commerciaux<\/strong>. Il assure la continuit\u00e9 des flux logistiques entre les zones de production, les plateformes de distribution et les march\u00e9s de consommation. Cette continuit\u00e9 est essentielle pour garantir la stabilit\u00e9 des cha\u00eenes d\u2019approvisionnement internationales.<\/p>\n\n\n\n<p>Il contribue notamment \u00e0 :<\/p>\n\n\n\n<ul class=\"wp-block-list\">\n<li>la fluidit\u00e9 des \u00e9changes transfrontaliers<\/li>\n\n\n\n<li>la r\u00e9duction des d\u00e9lais de livraison<\/li>\n\n\n\n<li>l\u2019optimisation des co\u00fbts logistiques<\/li>\n\n\n\n<li>la fiabilit\u00e9 des flux de marchandises<\/li>\n\n\n\n<li>l\u2019int\u00e9gration \u00e9conomique r\u00e9gionale<\/li>\n<\/ul>\n\n\n\n<p>Le <strong>transport routier international au Maroc<\/strong> s\u2019inscrit ainsi dans une dynamique de d\u00e9veloppement du commerce ext\u00e9rieur et de renforcement des relations \u00e9conomiques internationales.<\/p>\n\n\n\n<h2 class=\"wp-block-heading\" id=\"h-une-solution-logistique-flexible-et-performante\">Une solution logistique flexible et performante<\/h2>\n\n\n\n<p>Contrairement \u00e0 d\u2019autres modes de transport, le transport routier international permet un acheminement <strong>porte-\u00e0-porte<\/strong>, r\u00e9duisant les ruptures de charge et les interm\u00e9diaires logistiques. Cette caract\u00e9ristique renforce la performance globale de la cha\u00eene logistique et am\u00e9liore la qualit\u00e9 de service.<\/p>\n\n\n\n<p>Il est particuli\u00e8rement adapt\u00e9 pour :<\/p>\n\n\n\n<ul class=\"wp-block-list\">\n<li>les \u00e9changes r\u00e9gionaux<\/li>\n\n\n\n<li>le transport de marchandises industrielles<\/li>\n\n\n\n<li>la distribution internationale<\/li>\n\n\n\n<li>le commerce intercontinental<\/li>\n\n\n\n<li>la logistique de proximit\u00e9 transfrontali\u00e8re<\/li>\n<\/ul>\n\n\n\n<p>Sa capacit\u00e9 d\u2019adaptation aux contraintes g\u00e9ographiques, r\u00e9glementaires et op\u00e9rationnelles en fait un pilier de la logistique internationale moderne.<\/p>\n\n\n\n<h2 class=\"wp-block-heading\" id=\"h-securite-conformite-et-performance-operationnelle\">S\u00e9curit\u00e9, conformit\u00e9 et performance op\u00e9rationnelle<\/h2>\n\n\n\n<p>Le transport routier international repose sur une organisation rigoureuse int\u00e9grant :<\/p>\n\n\n\n<ul class=\"wp-block-list\">\n<li>la gestion documentaire<\/li>\n\n\n\n<li>les formalit\u00e9s douani\u00e8res<\/li>\n\n\n\n<li>la conformit\u00e9 r\u00e9glementaire<\/li>\n\n\n\n<li>la s\u00e9curit\u00e9 des marchandises<\/li>\n\n\n\n<li>la coordination transfrontali\u00e8re<\/li>\n<\/ul>\n\n\n\n<p>Ces \u00e9l\u00e9ments garantissent la fiabilit\u00e9 des op\u00e9rations logistiques et la continuit\u00e9 des flux internationaux<a href=\"https:\/\/www.appeltrans.com\/en\/transport-national\/\">.<\/a><\/p>\n\n\n\n<h2 class=\"wp-block-heading\" id=\"h-transport-routier-international-et-integration-logistique\">Transport routier international et int\u00e9gration logistique<\/h2>\n\n\n\n<p>Dans une logique de <strong>logistique int\u00e9gr\u00e9e<\/strong>, le transport routier international s\u2019inscrit dans des sch\u00e9mas multimodaux combinant transport maritime, a\u00e9rien et ferroviaire. Cette compl\u00e9mentarit\u00e9 permet une optimisation globale des flux et une meilleure performance de la supply chain internationale.<\/p>\n\n\n\n<p>Le transport routier international devient ainsi un v\u00e9ritable <strong>vecteur de comp\u00e9titivit\u00e9<\/strong> pour les entreprises, leur permettant d\u2019acc\u00e9der \u00e0 de nouveaux march\u00e9s, d\u2019am\u00e9liorer leurs d\u00e9lais de livraison et de renforcer leur position sur le march\u00e9 international.<\/p>\n\n\n\n<p><a href=\"http:\/\/linkedin.com\/company\/appel-trans\/?originalSubdomain=ma\">LinkedIn<\/a><\/p>","protected":false},"excerpt":{"rendered":"<p>Le transport routier international occupe une place strat\u00e9gique dans les \u00e9changes commerciaux entre les pays. Il permet l\u2019acheminement direct des marchandises au-del\u00e0 des fronti\u00e8res, reliant les march\u00e9s, les zones industrielles et les centres logistiques \u00e0 l\u2019\u00e9chelle r\u00e9gionale et continentale. Pour le Maroc, ce mode de transport repr\u00e9sente un levier majeur de connexion avec l\u2019Europe, l\u2019Afrique&#8230;<\/p>","protected":false},"author":3,"featured_media":0,"comment_status":"open","ping_status":"open","sticky":false,"template":"","format":"standard","meta":{"footnotes":""},"categories":[224],"tags":[],"class_list":["post-13982","post","type-post","status-publish","format-standard","hentry","category-uncategorized-fr","fav-blog blog-single"],"yoast_head":"<!-- This site is optimized with the Yoast SEO Premium plugin v24.4 (Yoast SEO v27.5) - https:\/\/yoast.com\/product\/yoast-seo-premium-wordpress\/ -->\n<title>Transport routier international - APPELTRANS<\/title>\n<meta name=\"description\" content=\"Le transport routier international occupe une place strat\u00e9gique dans les \u00e9changes commerciaux entre les pays. Il permet l\u2019acheminement direct\" \/>\n<meta name=\"robots\" content=\"index, follow, max-snippet:-1, max-image-preview:large, max-video-preview:-1\" \/>\n<link rel=\"canonical\" href=\"https:\/\/www.appeltrans.com\/en\/2026\/02\/07\/transport_routier_international\/\" \/>\n<meta property=\"og:locale\" content=\"en_US\" \/>\n<meta property=\"og:type\" content=\"article\" \/>\n<meta property=\"og:title\" content=\"Transport routier international : un maillon cl\u00e9 de la logistique transfrontali\u00e8re\" \/>\n<meta property=\"og:description\" content=\"Le transport routier international occupe une place strat\u00e9gique dans les \u00e9changes commerciaux entre les pays. Il permet l\u2019acheminement direct\" \/>\n<meta property=\"og:url\" content=\"https:\/\/www.appeltrans.com\/en\/2026\/02\/07\/transport_routier_international\/\" \/>\n<meta property=\"og:site_name\" content=\"APPELTRANS\" \/>\n<meta property=\"article:published_time\" content=\"2026-02-07T10:40:30+00:00\" \/>\n<meta property=\"article:modified_time\" content=\"2026-02-20T16:28:58+00:00\" \/>\n<meta property=\"og:image\" content=\"https:\/\/www.appeltrans.com\/wp-content\/uploads\/2024\/10\/truck-logistics-operations-dusk-scaled.jpg\" \/>\n\t<meta property=\"og:image:width\" content=\"2560\" \/>\n\t<meta property=\"og:image:height\" content=\"1019\" \/>\n\t<meta property=\"og:image:type\" content=\"image\/jpeg\" \/>\n<meta name=\"author\" content=\"Iliass Ouchida\" \/>\n<meta name=\"twitter:card\" content=\"summary_large_image\" \/>\n<meta name=\"twitter:label1\" content=\"Written by\" \/>\n\t<meta name=\"twitter:data1\" content=\"Iliass Ouchida\" \/>\n\t<meta name=\"twitter:label2\" content=\"Est. reading time\" \/>\n\t<meta name=\"twitter:data2\" content=\"3 minutes\" \/>\n<script type=\"application\/ld+json\" class=\"yoast-schema-graph\">{\"@context\":\"https:\\\/\\\/schema.org\",\"@graph\":[{\"@type\":\"Article\",\"@id\":\"https:\\\/\\\/www.appeltrans.com\\\/2026\\\/02\\\/07\\\/transport_routier_international\\\/#article\",\"isPartOf\":{\"@id\":\"https:\\\/\\\/www.appeltrans.com\\\/2026\\\/02\\\/07\\\/transport_routier_international\\\/\"},\"author\":{\"name\":\"Iliass Ouchida\",\"@id\":\"https:\\\/\\\/www.appeltrans.com\\\/#\\\/schema\\\/person\\\/c86eaff08dcd4f7baaec55746a9413cf\"},\"headline\":\"Transport routier international : un maillon cl\u00e9 de la logistique transfrontali\u00e8re\",\"datePublished\":\"2026-02-07T10:40:30+00:00\",\"dateModified\":\"2026-02-20T16:28:58+00:00\",\"mainEntityOfPage\":{\"@id\":\"https:\\\/\\\/www.appeltrans.com\\\/2026\\\/02\\\/07\\\/transport_routier_international\\\/\"},\"wordCount\":500,\"commentCount\":0,\"publisher\":{\"@id\":\"https:\\\/\\\/www.appeltrans.com\\\/#organization\"},\"image\":{\"@id\":\"https:\\\/\\\/www.appeltrans.com\\\/2026\\\/02\\\/07\\\/transport_routier_international\\\/#primaryimage\"},\"thumbnailUrl\":\"https:\\\/\\\/www.appeltrans.com\\\/wp-content\\\/uploads\\\/2024\\\/10\\\/truck-logistics-operations-dusk-1024x408.jpg\",\"inLanguage\":\"en-US\",\"potentialAction\":[{\"@type\":\"CommentAction\",\"name\":\"Comment\",\"target\":[\"https:\\\/\\\/www.appeltrans.com\\\/2026\\\/02\\\/07\\\/transport_routier_international\\\/#respond\"]}]},{\"@type\":\"WebPage\",\"@id\":\"https:\\\/\\\/www.appeltrans.com\\\/2026\\\/02\\\/07\\\/transport_routier_international\\\/\",\"url\":\"https:\\\/\\\/www.appeltrans.com\\\/2026\\\/02\\\/07\\\/transport_routier_international\\\/\",\"name\":\"Transport routier international - APPELTRANS\",\"isPartOf\":{\"@id\":\"https:\\\/\\\/www.appeltrans.com\\\/#website\"},\"primaryImageOfPage\":{\"@id\":\"https:\\\/\\\/www.appeltrans.com\\\/2026\\\/02\\\/07\\\/transport_routier_international\\\/#primaryimage\"},\"image\":{\"@id\":\"https:\\\/\\\/www.appeltrans.com\\\/2026\\\/02\\\/07\\\/transport_routier_international\\\/#primaryimage\"},\"thumbnailUrl\":\"https:\\\/\\\/www.appeltrans.com\\\/wp-content\\\/uploads\\\/2024\\\/10\\\/truck-logistics-operations-dusk-1024x408.jpg\",\"datePublished\":\"2026-02-07T10:40:30+00:00\",\"dateModified\":\"2026-02-20T16:28:58+00:00\",\"description\":\"Le transport routier international occupe une place strat\u00e9gique dans les \u00e9changes commerciaux entre les pays. Il permet l\u2019acheminement direct\",\"breadcrumb\":{\"@id\":\"https:\\\/\\\/www.appeltrans.com\\\/2026\\\/02\\\/07\\\/transport_routier_international\\\/#breadcrumb\"},\"inLanguage\":\"en-US\",\"potentialAction\":[{\"@type\":\"ReadAction\",\"target\":[\"https:\\\/\\\/www.appeltrans.com\\\/2026\\\/02\\\/07\\\/transport_routier_international\\\/\"]}]},{\"@type\":\"ImageObject\",\"inLanguage\":\"en-US\",\"@id\":\"https:\\\/\\\/www.appeltrans.com\\\/2026\\\/02\\\/07\\\/transport_routier_international\\\/#primaryimage\",\"url\":\"https:\\\/\\\/www.appeltrans.com\\\/wp-content\\\/uploads\\\/2024\\\/10\\\/truck-logistics-operations-dusk-1024x408.jpg\",\"contentUrl\":\"https:\\\/\\\/www.appeltrans.com\\\/wp-content\\\/uploads\\\/2024\\\/10\\\/truck-logistics-operations-dusk-1024x408.jpg\"},{\"@type\":\"BreadcrumbList\",\"@id\":\"https:\\\/\\\/www.appeltrans.com\\\/2026\\\/02\\\/07\\\/transport_routier_international\\\/#breadcrumb\",\"itemListElement\":[{\"@type\":\"ListItem\",\"position\":1,\"name\":\"Home\",\"item\":\"https:\\\/\\\/www.appeltrans.com\\\/\"},{\"@type\":\"ListItem\",\"position\":2,\"name\":\"Transport routier international : un maillon cl\u00e9 de la logistique transfrontali\u00e8re\"}]},{\"@type\":\"WebSite\",\"@id\":\"https:\\\/\\\/www.appeltrans.com\\\/#website\",\"url\":\"https:\\\/\\\/www.appeltrans.com\\\/\",\"name\":\"APPELTRANS\",\"description\":\"transport international- transit maroc-transport routier maroc- transport national\",\"publisher\":{\"@id\":\"https:\\\/\\\/www.appeltrans.com\\\/#organization\"},\"potentialAction\":[{\"@type\":\"SearchAction\",\"target\":{\"@type\":\"EntryPoint\",\"urlTemplate\":\"https:\\\/\\\/www.appeltrans.com\\\/?s={search_term_string}\"},\"query-input\":{\"@type\":\"PropertyValueSpecification\",\"valueRequired\":true,\"valueName\":\"search_term_string\"}}],\"inLanguage\":\"en-US\"},{\"@type\":\"Organization\",\"@id\":\"https:\\\/\\\/www.appeltrans.com\\\/#organization\",\"name\":\"APPELTRANS\",\"url\":\"https:\\\/\\\/www.appeltrans.com\\\/\",\"logo\":{\"@type\":\"ImageObject\",\"inLanguage\":\"en-US\",\"@id\":\"https:\\\/\\\/www.appeltrans.com\\\/#\\\/schema\\\/logo\\\/image\\\/\",\"url\":\"https:\\\/\\\/www.appeltrans.com\\\/wp-content\\\/uploads\\\/2024\\\/10\\\/cropped-logo.png\",\"contentUrl\":\"https:\\\/\\\/www.appeltrans.com\\\/wp-content\\\/uploads\\\/2024\\\/10\\\/cropped-logo.png\",\"width\":512,\"height\":512,\"caption\":\"APPELTRANS\"},\"image\":{\"@id\":\"https:\\\/\\\/www.appeltrans.com\\\/#\\\/schema\\\/logo\\\/image\\\/\"},\"publishingPrinciples\":\"https:\\\/\\\/www.appeltrans.com\\\/\"},{\"@type\":\"Person\",\"@id\":\"https:\\\/\\\/www.appeltrans.com\\\/#\\\/schema\\\/person\\\/c86eaff08dcd4f7baaec55746a9413cf\",\"name\":\"Iliass Ouchida\",\"image\":{\"@type\":\"ImageObject\",\"inLanguage\":\"en-US\",\"@id\":\"https:\\\/\\\/secure.gravatar.com\\\/avatar\\\/9d97b51425d0f56ef6d6f35041d7949c0dbfda23c41e229a0ceed392cff635c9?s=96&d=mm&r=g\",\"url\":\"https:\\\/\\\/secure.gravatar.com\\\/avatar\\\/9d97b51425d0f56ef6d6f35041d7949c0dbfda23c41e229a0ceed392cff635c9?s=96&d=mm&r=g\",\"contentUrl\":\"https:\\\/\\\/secure.gravatar.com\\\/avatar\\\/9d97b51425d0f56ef6d6f35041d7949c0dbfda23c41e229a0ceed392cff635c9?s=96&d=mm&r=g\",\"caption\":\"Iliass Ouchida\"},\"url\":\"https:\\\/\\\/www.appeltrans.com\\\/en\\\/author\\\/appeltrans-2\\\/\"}]}<\/script>\n<!-- \/ Yoast SEO Premium plugin. -->","yoast_head_json":{"title":"Transport routier international - APPELTRANS","description":"Le transport routier international occupe une place strat\u00e9gique dans les \u00e9changes commerciaux entre les pays. Il permet l\u2019acheminement direct","robots":{"index":"index","follow":"follow","max-snippet":"max-snippet:-1","max-image-preview":"max-image-preview:large","max-video-preview":"max-video-preview:-1"},"canonical":"https:\/\/www.appeltrans.com\/en\/2026\/02\/07\/transport_routier_international\/","og_locale":"en_US","og_type":"article","og_title":"Transport routier international : un maillon cl\u00e9 de la logistique transfrontali\u00e8re","og_description":"Le transport routier international occupe une place strat\u00e9gique dans les \u00e9changes commerciaux entre les pays. Il permet l\u2019acheminement direct","og_url":"https:\/\/www.appeltrans.com\/en\/2026\/02\/07\/transport_routier_international\/","og_site_name":"APPELTRANS","article_published_time":"2026-02-07T10:40:30+00:00","article_modified_time":"2026-02-20T16:28:58+00:00","og_image":[{"width":2560,"height":1019,"url":"https:\/\/www.appeltrans.com\/wp-content\/uploads\/2024\/10\/truck-logistics-operations-dusk-scaled.jpg","type":"image\/jpeg"}],"author":"Iliass Ouchida","twitter_card":"summary_large_image","twitter_misc":{"Written by":"Iliass Ouchida","Est. reading time":"3 minutes"},"schema":{"@context":"https:\/\/schema.org","@graph":[{"@type":"Article","@id":"https:\/\/www.appeltrans.com\/2026\/02\/07\/transport_routier_international\/#article","isPartOf":{"@id":"https:\/\/www.appeltrans.com\/2026\/02\/07\/transport_routier_international\/"},"author":{"name":"Iliass Ouchida","@id":"https:\/\/www.appeltrans.com\/#\/schema\/person\/c86eaff08dcd4f7baaec55746a9413cf"},"headline":"Transport routier international : un maillon cl\u00e9 de la logistique transfrontali\u00e8re","datePublished":"2026-02-07T10:40:30+00:00","dateModified":"2026-02-20T16:28:58+00:00","mainEntityOfPage":{"@id":"https:\/\/www.appeltrans.com\/2026\/02\/07\/transport_routier_international\/"},"wordCount":500,"commentCount":0,"publisher":{"@id":"https:\/\/www.appeltrans.com\/#organization"},"image":{"@id":"https:\/\/www.appeltrans.com\/2026\/02\/07\/transport_routier_international\/#primaryimage"},"thumbnailUrl":"https:\/\/www.appeltrans.com\/wp-content\/uploads\/2024\/10\/truck-logistics-operations-dusk-1024x408.jpg","inLanguage":"en-US","potentialAction":[{"@type":"CommentAction","name":"Comment","target":["https:\/\/www.appeltrans.com\/2026\/02\/07\/transport_routier_international\/#respond"]}]},{"@type":"WebPage","@id":"https:\/\/www.appeltrans.com\/2026\/02\/07\/transport_routier_international\/","url":"https:\/\/www.appeltrans.com\/2026\/02\/07\/transport_routier_international\/","name":"Transport routier international - APPELTRANS","isPartOf":{"@id":"https:\/\/www.appeltrans.com\/#website"},"primaryImageOfPage":{"@id":"https:\/\/www.appeltrans.com\/2026\/02\/07\/transport_routier_international\/#primaryimage"},"image":{"@id":"https:\/\/www.appeltrans.com\/2026\/02\/07\/transport_routier_international\/#primaryimage"},"thumbnailUrl":"https:\/\/www.appeltrans.com\/wp-content\/uploads\/2024\/10\/truck-logistics-operations-dusk-1024x408.jpg","datePublished":"2026-02-07T10:40:30+00:00","dateModified":"2026-02-20T16:28:58+00:00","description":"Le transport routier international occupe une place strat\u00e9gique dans les \u00e9changes commerciaux entre les pays. Il permet l\u2019acheminement direct","breadcrumb":{"@id":"https:\/\/www.appeltrans.com\/2026\/02\/07\/transport_routier_international\/#breadcrumb"},"inLanguage":"en-US","potentialAction":[{"@type":"ReadAction","target":["https:\/\/www.appeltrans.com\/2026\/02\/07\/transport_routier_international\/"]}]},{"@type":"ImageObject","inLanguage":"en-US","@id":"https:\/\/www.appeltrans.com\/2026\/02\/07\/transport_routier_international\/#primaryimage","url":"https:\/\/www.appeltrans.com\/wp-content\/uploads\/2024\/10\/truck-logistics-operations-dusk-1024x408.jpg","contentUrl":"https:\/\/www.appeltrans.com\/wp-content\/uploads\/2024\/10\/truck-logistics-operations-dusk-1024x408.jpg"},{"@type":"BreadcrumbList","@id":"https:\/\/www.appeltrans.com\/2026\/02\/07\/transport_routier_international\/#breadcrumb","itemListElement":[{"@type":"ListItem","position":1,"name":"Home","item":"https:\/\/www.appeltrans.com\/"},{"@type":"ListItem","position":2,"name":"Transport routier international : un maillon cl\u00e9 de la logistique transfrontali\u00e8re"}]},{"@type":"WebSite","@id":"https:\/\/www.appeltrans.com\/#website","url":"https:\/\/www.appeltrans.com\/","name":"APPELTRANS","description":"transport international- transit maroc-transport routier maroc- transport national","publisher":{"@id":"https:\/\/www.appeltrans.com\/#organization"},"potentialAction":[{"@type":"SearchAction","target":{"@type":"EntryPoint","urlTemplate":"https:\/\/www.appeltrans.com\/?s={search_term_string}"},"query-input":{"@type":"PropertyValueSpecification","valueRequired":true,"valueName":"search_term_string"}}],"inLanguage":"en-US"},{"@type":"Organization","@id":"https:\/\/www.appeltrans.com\/#organization","name":"APPELTRANS","url":"https:\/\/www.appeltrans.com\/","logo":{"@type":"ImageObject","inLanguage":"en-US","@id":"https:\/\/www.appeltrans.com\/#\/schema\/logo\/image\/","url":"https:\/\/www.appeltrans.com\/wp-content\/uploads\/2024\/10\/cropped-logo.png","contentUrl":"https:\/\/www.appeltrans.com\/wp-content\/uploads\/2024\/10\/cropped-logo.png","width":512,"height":512,"caption":"APPELTRANS"},"image":{"@id":"https:\/\/www.appeltrans.com\/#\/schema\/logo\/image\/"},"publishingPrinciples":"https:\/\/www.appeltrans.com\/"},{"@type":"Person","@id":"https:\/\/www.appeltrans.com\/#\/schema\/person\/c86eaff08dcd4f7baaec55746a9413cf","name":"Iliass Ouchida","image":{"@type":"ImageObject","inLanguage":"en-US","@id":"https:\/\/secure.gravatar.com\/avatar\/9d97b51425d0f56ef6d6f35041d7949c0dbfda23c41e229a0ceed392cff635c9?s=96&d=mm&r=g","url":"https:\/\/secure.gravatar.com\/avatar\/9d97b51425d0f56ef6d6f35041d7949c0dbfda23c41e229a0ceed392cff635c9?s=96&d=mm&r=g","contentUrl":"https:\/\/secure.gravatar.com\/avatar\/9d97b51425d0f56ef6d6f35041d7949c0dbfda23c41e229a0ceed392cff635c9?s=96&d=mm&r=g","caption":"Iliass Ouchida"},"url":"https:\/\/www.appeltrans.com\/en\/author\/appeltrans-2\/"}]}},"_links":{"self":[{"href":"https:\/\/www.appeltrans.com\/en\/wp-json\/wp\/v2\/posts\/13982","targetHints":{"allow":["GET"]}}],"collection":[{"href":"https:\/\/www.appeltrans.com\/en\/wp-json\/wp\/v2\/posts"}],"about":[{"href":"https:\/\/www.appeltrans.com\/en\/wp-json\/wp\/v2\/types\/post"}],"author":[{"embeddable":true,"href":"https:\/\/www.appeltrans.com\/en\/wp-json\/wp\/v2\/users\/3"}],"replies":[{"embeddable":true,"href":"https:\/\/www.appeltrans.com\/en\/wp-json\/wp\/v2\/comments?post=13982"}],"version-history":[{"count":1,"href":"https:\/\/www.appeltrans.com\/en\/wp-json\/wp\/v2\/posts\/13982\/revisions"}],"predecessor-version":[{"id":14005,"href":"https:\/\/www.appeltrans.com\/en\/wp-json\/wp\/v2\/posts\/13982\/revisions\/14005"}],"wp:attachment":[{"href":"https:\/\/www.appeltrans.com\/en\/wp-json\/wp\/v2\/media?parent=13982"}],"wp:term":[{"taxonomy":"category","embeddable":true,"href":"https:\/\/www.appeltrans.com\/en\/wp-json\/wp\/v2\/categories?post=13982"},{"taxonomy":"post_tag","embeddable":true,"href":"https:\/\/www.appeltrans.com\/en\/wp-json\/wp\/v2\/tags?post=13982"}],"curies":[{"name":"wp","href":"https:\/\/api.w.org\/{rel}","templated":true}]}}