{"id":13980,"date":"2026-02-07T10:24:05","date_gmt":"2026-02-07T10:24:05","guid":{"rendered":"https:\/\/www.appeltrans.com\/?p=13980"},"modified":"2026-02-07T10:24:10","modified_gmt":"2026-02-07T10:24:10","slug":"transport_maritime_26","status":"publish","type":"post","link":"https:\/\/www.appeltrans.com\/en\/2026\/02\/07\/transport_maritime_26\/","title":{"rendered":"Transport maritime : un pilier strat\u00e9gique du commerce international"},"content":{"rendered":"<p>Le <strong><a href=\"https:\/\/www.appeltrans.com\/en\/transport-maritime-maroc-2\/\">transport maritime<\/a><\/strong> constitue aujourd\u2019hui l\u2019un des fondements majeurs du commerce international. Il assure le d\u00e9placement de volumes importants de marchandises \u00e0 travers le monde, reliant les continents, les march\u00e9s et les \u00e9conomies. Pour le Maroc, pays dot\u00e9 d\u2019une position g\u00e9ographique strat\u00e9gique et de ports majeurs comme Tanger Med et Casablanca, le transport maritime repr\u00e9sente un levier essentiel du d\u00e9veloppement \u00e9conomique et logistique.<\/p>\n\n\n\n<p>Gr\u00e2ce \u00e0 sa capacit\u00e9 de transport \u00e9lev\u00e9e et \u00e0 ses co\u00fbts comp\u00e9titifs, le fret maritime s\u2019impose comme la solution privil\u00e9gi\u00e9e pour les op\u00e9rations d\u2019import-export. Il permet le transport de marchandises lourdes, volumineuses et non urgentes dans des conditions de s\u00e9curit\u00e9 optimales. La conteneurisation a profond\u00e9ment transform\u00e9 ce mode de transport en renfor\u00e7ant la standardisation, la tra\u00e7abilit\u00e9 et la fluidit\u00e9 des \u00e9changes commerciaux internationaux.<\/p>\n\n\n\n<h2 class=\"wp-block-heading\" id=\"h-le-role-du-transport-maritime-dans-la-chaine-logistique\">Le r\u00f4le du transport maritime dans la cha\u00eene logistique<\/h2>\n\n\n\n<p>Le transport maritime ne fonctionne pas de mani\u00e8re isol\u00e9e. Il s\u2019int\u00e8gre dans une <strong>cha\u00eene logistique multimodale<\/strong> combinant le transport routier, ferroviaire et a\u00e9rien. Cette interconnexion permet une continuit\u00e9 des flux logistiques depuis le point d\u2019origine jusqu\u2019\u00e0 la destination finale.<\/p>\n\n\n\n<p>Il joue un r\u00f4le central dans :<\/p>\n\n\n\n<ul class=\"wp-block-list\">\n<li>la gestion des flux internationaux<\/li>\n\n\n\n<li>la s\u00e9curisation des marchandises<\/li>\n\n\n\n<li>l\u2019optimisation des co\u00fbts logistiques<\/li>\n\n\n\n<li>la structuration des corridors commerciaux<\/li>\n\n\n\n<li>la stabilit\u00e9 des cha\u00eenes d\u2019approvisionnement<\/li>\n<\/ul>\n\n\n\n<p>Le transport maritime constitue ainsi un maillon strat\u00e9gique de la supply chain mondiale.<\/p>\n\n\n\n<h2 class=\"wp-block-heading\" id=\"h-une-solution-adaptee-aux-echanges-internationaux\">Une solution adapt\u00e9e aux \u00e9changes internationaux<\/h2>\n\n\n\n<p>Le fret maritime r\u00e9pond aux besoins de nombreux secteurs d\u2019activit\u00e9 : industrie, agroalimentaire, \u00e9nergie, commerce, grande distribution, mati\u00e8res premi\u00e8res, produits manufactur\u00e9s. Il offre une diversit\u00e9 de solutions logistiques adapt\u00e9es aux exigences du commerce international.<\/p>\n\n\n\n<p>Les entreprises choisissent le transport maritime pour :<\/p>\n\n\n\n<ul class=\"wp-block-list\">\n<li>sa capacit\u00e9 de chargement \u00e9lev\u00e9e<\/li>\n\n\n\n<li>sa fiabilit\u00e9 op\u00e9rationnelle<\/li>\n\n\n\n<li>sa stabilit\u00e9 logistique<\/li>\n\n\n\n<li>son co\u00fbt comp\u00e9titif<\/li>\n\n\n\n<li>sa couverture g\u00e9ographique mondiale<\/li>\n<\/ul>\n\n\n\n<p>Le <strong>transport maritime au Maroc<\/strong> permet ainsi de connecter les entreprises marocaines aux march\u00e9s europ\u00e9ens, africains, asiatiques et am\u00e9ricains dans une logique d\u2019int\u00e9gration \u00e9conomique internationale.<\/p>\n\n\n\n<h2 class=\"wp-block-heading\" id=\"h-performance-securite-et-durabilite\">Performance, s\u00e9curit\u00e9 et durabilit\u00e9<\/h2>\n\n\n\n<p>Le transport maritime s\u2019inscrit \u00e9galement dans une dynamique de <strong>logistique durable<\/strong>. Compar\u00e9 \u00e0 d\u2019autres modes de transport, il pr\u00e9sente un meilleur rendement \u00e9nerg\u00e9tique par tonne transport\u00e9e, ce qui contribue \u00e0 la r\u00e9duction de l\u2019empreinte carbone du commerce international.<\/p>\n\n\n\n<p>Sur le plan op\u00e9rationnel, la s\u00e9curit\u00e9 des marchandises est renforc\u00e9e par :<\/p>\n\n\n\n<ul class=\"wp-block-list\">\n<li>les normes internationales<\/li>\n\n\n\n<li>la standardisation des conteneurs<\/li>\n\n\n\n<li>les syst\u00e8mes de suivi<\/li>\n\n\n\n<li>les proc\u00e9dures de contr\u00f4le portuaire<\/li>\n\n\n\n<li>la tra\u00e7abilit\u00e9 logistique<\/li>\n<\/ul>\n\n\n\n<p>Ces \u00e9l\u00e9ments font du transport maritime un mode de transport fiable, structur\u00e9 et s\u00e9curis\u00e9.<\/p>\n\n\n\n<figure class=\"wp-block-gallery has-nested-images columns-default is-cropped wp-block-gallery-1 is-layout-flex wp-block-gallery-is-layout-flex\">\n<figure class=\"wp-block-image size-large\"><img fetchpriority=\"high\" decoding=\"async\" width=\"1024\" height=\"574\" data-id=\"12410\" src=\"https:\/\/www.appeltrans.com\/wp-content\/uploads\/2024\/10\/scene-with-photorealistic-logistics-operations-proceedings-1024x574.jpg\" alt=\"Transport Maritime\" class=\"wp-image-12410\" srcset=\"https:\/\/www.appeltrans.com\/wp-content\/uploads\/2024\/10\/scene-with-photorealistic-logistics-operations-proceedings-1024x574.jpg 1024w, https:\/\/www.appeltrans.com\/wp-content\/uploads\/2024\/10\/scene-with-photorealistic-logistics-operations-proceedings-300x168.jpg 300w, https:\/\/www.appeltrans.com\/wp-content\/uploads\/2024\/10\/scene-with-photorealistic-logistics-operations-proceedings-768x430.jpg 768w, https:\/\/www.appeltrans.com\/wp-content\/uploads\/2024\/10\/scene-with-photorealistic-logistics-operations-proceedings-1536x861.jpg 1536w, https:\/\/www.appeltrans.com\/wp-content\/uploads\/2024\/10\/scene-with-photorealistic-logistics-operations-proceedings-2048x1148.jpg 2048w\" sizes=\"(max-width: 1024px) 100vw, 1024px\" \/><\/figure>\n<\/figure>\n\n\n\n<h2 class=\"wp-block-heading\" id=\"h-transport-maritime-et-transformation-du-commerce-mondial\">Transport maritime et transformation du commerce mondial<\/h2>\n\n\n\n<p>Avec la mondialisation des \u00e9changes, le transport maritime est devenu un acteur central de l\u2019\u00e9conomie mondiale. Il facilite l\u2019int\u00e9gration des march\u00e9s, la circulation des ressources et la structuration des cha\u00eenes de valeur internationales.<\/p>\n\n\n\n<p>Au Maroc, le d\u00e9veloppement des infrastructures portuaires et logistiques renforce le r\u00f4le strat\u00e9gique du fret maritime dans la comp\u00e9titivit\u00e9 du pays. Il contribue \u00e0 l\u2019attractivit\u00e9 \u00e9conomique, \u00e0 la croissance des \u00e9changes et \u00e0 la modernisation du secteur logistique national.<\/p>\n\n\n\n<p><a href=\"https:\/\/www.linkedin.com\/company\/appel-trans\/?originalSubdomain=ma\">LinkedIn<\/a><\/p>\n\n\n\n<p><\/p>","protected":false},"excerpt":{"rendered":"<p>Le transport maritime constitue aujourd\u2019hui l\u2019un des fondements majeurs du commerce international. Il assure le d\u00e9placement de volumes importants de marchandises \u00e0 travers le monde, reliant les continents, les march\u00e9s et les \u00e9conomies. Pour le Maroc, pays dot\u00e9 d\u2019une position g\u00e9ographique strat\u00e9gique et de ports majeurs comme Tanger Med et Casablanca, le transport maritime repr\u00e9sente&#8230;<\/p>","protected":false},"author":3,"featured_media":0,"comment_status":"open","ping_status":"open","sticky":false,"template":"","format":"standard","meta":{"footnotes":""},"categories":[224],"tags":[],"class_list":["post-13980","post","type-post","status-publish","format-standard","hentry","category-uncategorized-fr","fav-blog blog-single"],"yoast_head":"<!-- This site is optimized with the Yoast SEO Premium plugin v24.4 (Yoast SEO v27.5) - https:\/\/yoast.com\/product\/yoast-seo-premium-wordpress\/ -->\n<title>Transport maritime - APPELTRANS<\/title>\n<meta name=\"description\" content=\"Le transport maritime constitue aujourd\u2019hui l\u2019un des fondements majeurs du commerce international. Il assure le d\u00e9placement de volumes...\" \/>\n<meta name=\"robots\" content=\"index, follow, max-snippet:-1, max-image-preview:large, max-video-preview:-1\" \/>\n<link rel=\"canonical\" href=\"https:\/\/www.appeltrans.com\/en\/2026\/02\/07\/transport_maritime_26\/\" \/>\n<meta property=\"og:locale\" content=\"en_US\" \/>\n<meta property=\"og:type\" content=\"article\" \/>\n<meta property=\"og:title\" content=\"Transport maritime : un pilier strat\u00e9gique du commerce international\" \/>\n<meta property=\"og:description\" content=\"Le transport maritime constitue aujourd\u2019hui l\u2019un des fondements majeurs du commerce international. Il assure le d\u00e9placement de volumes...\" \/>\n<meta property=\"og:url\" content=\"https:\/\/www.appeltrans.com\/en\/2026\/02\/07\/transport_maritime_26\/\" \/>\n<meta property=\"og:site_name\" content=\"APPELTRANS\" \/>\n<meta property=\"article:published_time\" content=\"2026-02-07T10:24:05+00:00\" \/>\n<meta property=\"article:modified_time\" content=\"2026-02-07T10:24:10+00:00\" \/>\n<meta property=\"og:image\" content=\"https:\/\/www.appeltrans.com\/wp-content\/uploads\/2024\/10\/scene-with-photorealistic-logistics-operations-proceedings-scaled.jpg\" \/>\n\t<meta property=\"og:image:width\" content=\"2560\" \/>\n\t<meta property=\"og:image:height\" content=\"1435\" \/>\n\t<meta property=\"og:image:type\" content=\"image\/jpeg\" \/>\n<meta name=\"author\" content=\"Iliass Ouchida\" \/>\n<meta name=\"twitter:card\" content=\"summary_large_image\" \/>\n<meta name=\"twitter:label1\" content=\"Written by\" \/>\n\t<meta name=\"twitter:data1\" content=\"Iliass Ouchida\" \/>\n\t<meta name=\"twitter:label2\" content=\"Est. reading time\" \/>\n\t<meta name=\"twitter:data2\" content=\"3 minutes\" \/>\n<script type=\"application\/ld+json\" class=\"yoast-schema-graph\">{\"@context\":\"https:\\\/\\\/schema.org\",\"@graph\":[{\"@type\":\"Article\",\"@id\":\"https:\\\/\\\/www.appeltrans.com\\\/2026\\\/02\\\/07\\\/transport_maritime_26\\\/#article\",\"isPartOf\":{\"@id\":\"https:\\\/\\\/www.appeltrans.com\\\/2026\\\/02\\\/07\\\/transport_maritime_26\\\/\"},\"author\":{\"name\":\"Iliass Ouchida\",\"@id\":\"https:\\\/\\\/www.appeltrans.com\\\/#\\\/schema\\\/person\\\/c86eaff08dcd4f7baaec55746a9413cf\"},\"headline\":\"Transport maritime : un pilier strat\u00e9gique du commerce international\",\"datePublished\":\"2026-02-07T10:24:05+00:00\",\"dateModified\":\"2026-02-07T10:24:10+00:00\",\"mainEntityOfPage\":{\"@id\":\"https:\\\/\\\/www.appeltrans.com\\\/2026\\\/02\\\/07\\\/transport_maritime_26\\\/\"},\"wordCount\":554,\"commentCount\":0,\"publisher\":{\"@id\":\"https:\\\/\\\/www.appeltrans.com\\\/#organization\"},\"image\":{\"@id\":\"https:\\\/\\\/www.appeltrans.com\\\/2026\\\/02\\\/07\\\/transport_maritime_26\\\/#primaryimage\"},\"thumbnailUrl\":\"https:\\\/\\\/www.appeltrans.com\\\/wp-content\\\/uploads\\\/2024\\\/10\\\/scene-with-photorealistic-logistics-operations-proceedings-1024x574.jpg\",\"inLanguage\":\"en-US\",\"potentialAction\":[{\"@type\":\"CommentAction\",\"name\":\"Comment\",\"target\":[\"https:\\\/\\\/www.appeltrans.com\\\/2026\\\/02\\\/07\\\/transport_maritime_26\\\/#respond\"]}]},{\"@type\":\"WebPage\",\"@id\":\"https:\\\/\\\/www.appeltrans.com\\\/2026\\\/02\\\/07\\\/transport_maritime_26\\\/\",\"url\":\"https:\\\/\\\/www.appeltrans.com\\\/2026\\\/02\\\/07\\\/transport_maritime_26\\\/\",\"name\":\"Transport maritime - APPELTRANS\",\"isPartOf\":{\"@id\":\"https:\\\/\\\/www.appeltrans.com\\\/#website\"},\"primaryImageOfPage\":{\"@id\":\"https:\\\/\\\/www.appeltrans.com\\\/2026\\\/02\\\/07\\\/transport_maritime_26\\\/#primaryimage\"},\"image\":{\"@id\":\"https:\\\/\\\/www.appeltrans.com\\\/2026\\\/02\\\/07\\\/transport_maritime_26\\\/#primaryimage\"},\"thumbnailUrl\":\"https:\\\/\\\/www.appeltrans.com\\\/wp-content\\\/uploads\\\/2024\\\/10\\\/scene-with-photorealistic-logistics-operations-proceedings-1024x574.jpg\",\"datePublished\":\"2026-02-07T10:24:05+00:00\",\"dateModified\":\"2026-02-07T10:24:10+00:00\",\"description\":\"Le transport maritime constitue aujourd\u2019hui l\u2019un des fondements majeurs du commerce international. Il assure le d\u00e9placement de volumes...\",\"breadcrumb\":{\"@id\":\"https:\\\/\\\/www.appeltrans.com\\\/2026\\\/02\\\/07\\\/transport_maritime_26\\\/#breadcrumb\"},\"inLanguage\":\"en-US\",\"potentialAction\":[{\"@type\":\"ReadAction\",\"target\":[\"https:\\\/\\\/www.appeltrans.com\\\/2026\\\/02\\\/07\\\/transport_maritime_26\\\/\"]}]},{\"@type\":\"ImageObject\",\"inLanguage\":\"en-US\",\"@id\":\"https:\\\/\\\/www.appeltrans.com\\\/2026\\\/02\\\/07\\\/transport_maritime_26\\\/#primaryimage\",\"url\":\"https:\\\/\\\/www.appeltrans.com\\\/wp-content\\\/uploads\\\/2024\\\/10\\\/scene-with-photorealistic-logistics-operations-proceedings-1024x574.jpg\",\"contentUrl\":\"https:\\\/\\\/www.appeltrans.com\\\/wp-content\\\/uploads\\\/2024\\\/10\\\/scene-with-photorealistic-logistics-operations-proceedings-1024x574.jpg\"},{\"@type\":\"BreadcrumbList\",\"@id\":\"https:\\\/\\\/www.appeltrans.com\\\/2026\\\/02\\\/07\\\/transport_maritime_26\\\/#breadcrumb\",\"itemListElement\":[{\"@type\":\"ListItem\",\"position\":1,\"name\":\"Home\",\"item\":\"https:\\\/\\\/www.appeltrans.com\\\/\"},{\"@type\":\"ListItem\",\"position\":2,\"name\":\"Transport maritime : un pilier strat\u00e9gique du commerce international\"}]},{\"@type\":\"WebSite\",\"@id\":\"https:\\\/\\\/www.appeltrans.com\\\/#website\",\"url\":\"https:\\\/\\\/www.appeltrans.com\\\/\",\"name\":\"APPELTRANS\",\"description\":\"transport international- transit maroc-transport routier maroc- transport national\",\"publisher\":{\"@id\":\"https:\\\/\\\/www.appeltrans.com\\\/#organization\"},\"potentialAction\":[{\"@type\":\"SearchAction\",\"target\":{\"@type\":\"EntryPoint\",\"urlTemplate\":\"https:\\\/\\\/www.appeltrans.com\\\/?s={search_term_string}\"},\"query-input\":{\"@type\":\"PropertyValueSpecification\",\"valueRequired\":true,\"valueName\":\"search_term_string\"}}],\"inLanguage\":\"en-US\"},{\"@type\":\"Organization\",\"@id\":\"https:\\\/\\\/www.appeltrans.com\\\/#organization\",\"name\":\"APPELTRANS\",\"url\":\"https:\\\/\\\/www.appeltrans.com\\\/\",\"logo\":{\"@type\":\"ImageObject\",\"inLanguage\":\"en-US\",\"@id\":\"https:\\\/\\\/www.appeltrans.com\\\/#\\\/schema\\\/logo\\\/image\\\/\",\"url\":\"https:\\\/\\\/www.appeltrans.com\\\/wp-content\\\/uploads\\\/2024\\\/10\\\/cropped-logo.png\",\"contentUrl\":\"https:\\\/\\\/www.appeltrans.com\\\/wp-content\\\/uploads\\\/2024\\\/10\\\/cropped-logo.png\",\"width\":512,\"height\":512,\"caption\":\"APPELTRANS\"},\"image\":{\"@id\":\"https:\\\/\\\/www.appeltrans.com\\\/#\\\/schema\\\/logo\\\/image\\\/\"},\"publishingPrinciples\":\"https:\\\/\\\/www.appeltrans.com\\\/\"},{\"@type\":\"Person\",\"@id\":\"https:\\\/\\\/www.appeltrans.com\\\/#\\\/schema\\\/person\\\/c86eaff08dcd4f7baaec55746a9413cf\",\"name\":\"Iliass Ouchida\",\"image\":{\"@type\":\"ImageObject\",\"inLanguage\":\"en-US\",\"@id\":\"https:\\\/\\\/secure.gravatar.com\\\/avatar\\\/9d97b51425d0f56ef6d6f35041d7949c0dbfda23c41e229a0ceed392cff635c9?s=96&d=mm&r=g\",\"url\":\"https:\\\/\\\/secure.gravatar.com\\\/avatar\\\/9d97b51425d0f56ef6d6f35041d7949c0dbfda23c41e229a0ceed392cff635c9?s=96&d=mm&r=g\",\"contentUrl\":\"https:\\\/\\\/secure.gravatar.com\\\/avatar\\\/9d97b51425d0f56ef6d6f35041d7949c0dbfda23c41e229a0ceed392cff635c9?s=96&d=mm&r=g\",\"caption\":\"Iliass Ouchida\"},\"url\":\"https:\\\/\\\/www.appeltrans.com\\\/en\\\/author\\\/appeltrans-2\\\/\"}]}<\/script>\n<!-- \/ Yoast SEO Premium plugin. -->","yoast_head_json":{"title":"Transport maritime - APPELTRANS","description":"Le transport maritime constitue aujourd\u2019hui l\u2019un des fondements majeurs du commerce international. Il assure le d\u00e9placement de volumes...","robots":{"index":"index","follow":"follow","max-snippet":"max-snippet:-1","max-image-preview":"max-image-preview:large","max-video-preview":"max-video-preview:-1"},"canonical":"https:\/\/www.appeltrans.com\/en\/2026\/02\/07\/transport_maritime_26\/","og_locale":"en_US","og_type":"article","og_title":"Transport maritime : un pilier strat\u00e9gique du commerce international","og_description":"Le transport maritime constitue aujourd\u2019hui l\u2019un des fondements majeurs du commerce international. Il assure le d\u00e9placement de volumes...","og_url":"https:\/\/www.appeltrans.com\/en\/2026\/02\/07\/transport_maritime_26\/","og_site_name":"APPELTRANS","article_published_time":"2026-02-07T10:24:05+00:00","article_modified_time":"2026-02-07T10:24:10+00:00","og_image":[{"width":2560,"height":1435,"url":"https:\/\/www.appeltrans.com\/wp-content\/uploads\/2024\/10\/scene-with-photorealistic-logistics-operations-proceedings-scaled.jpg","type":"image\/jpeg"}],"author":"Iliass Ouchida","twitter_card":"summary_large_image","twitter_misc":{"Written by":"Iliass Ouchida","Est. reading time":"3 minutes"},"schema":{"@context":"https:\/\/schema.org","@graph":[{"@type":"Article","@id":"https:\/\/www.appeltrans.com\/2026\/02\/07\/transport_maritime_26\/#article","isPartOf":{"@id":"https:\/\/www.appeltrans.com\/2026\/02\/07\/transport_maritime_26\/"},"author":{"name":"Iliass Ouchida","@id":"https:\/\/www.appeltrans.com\/#\/schema\/person\/c86eaff08dcd4f7baaec55746a9413cf"},"headline":"Transport maritime : un pilier strat\u00e9gique du commerce international","datePublished":"2026-02-07T10:24:05+00:00","dateModified":"2026-02-07T10:24:10+00:00","mainEntityOfPage":{"@id":"https:\/\/www.appeltrans.com\/2026\/02\/07\/transport_maritime_26\/"},"wordCount":554,"commentCount":0,"publisher":{"@id":"https:\/\/www.appeltrans.com\/#organization"},"image":{"@id":"https:\/\/www.appeltrans.com\/2026\/02\/07\/transport_maritime_26\/#primaryimage"},"thumbnailUrl":"https:\/\/www.appeltrans.com\/wp-content\/uploads\/2024\/10\/scene-with-photorealistic-logistics-operations-proceedings-1024x574.jpg","inLanguage":"en-US","potentialAction":[{"@type":"CommentAction","name":"Comment","target":["https:\/\/www.appeltrans.com\/2026\/02\/07\/transport_maritime_26\/#respond"]}]},{"@type":"WebPage","@id":"https:\/\/www.appeltrans.com\/2026\/02\/07\/transport_maritime_26\/","url":"https:\/\/www.appeltrans.com\/2026\/02\/07\/transport_maritime_26\/","name":"Transport maritime - APPELTRANS","isPartOf":{"@id":"https:\/\/www.appeltrans.com\/#website"},"primaryImageOfPage":{"@id":"https:\/\/www.appeltrans.com\/2026\/02\/07\/transport_maritime_26\/#primaryimage"},"image":{"@id":"https:\/\/www.appeltrans.com\/2026\/02\/07\/transport_maritime_26\/#primaryimage"},"thumbnailUrl":"https:\/\/www.appeltrans.com\/wp-content\/uploads\/2024\/10\/scene-with-photorealistic-logistics-operations-proceedings-1024x574.jpg","datePublished":"2026-02-07T10:24:05+00:00","dateModified":"2026-02-07T10:24:10+00:00","description":"Le transport maritime constitue aujourd\u2019hui l\u2019un des fondements majeurs du commerce international. Il assure le d\u00e9placement de volumes...","breadcrumb":{"@id":"https:\/\/www.appeltrans.com\/2026\/02\/07\/transport_maritime_26\/#breadcrumb"},"inLanguage":"en-US","potentialAction":[{"@type":"ReadAction","target":["https:\/\/www.appeltrans.com\/2026\/02\/07\/transport_maritime_26\/"]}]},{"@type":"ImageObject","inLanguage":"en-US","@id":"https:\/\/www.appeltrans.com\/2026\/02\/07\/transport_maritime_26\/#primaryimage","url":"https:\/\/www.appeltrans.com\/wp-content\/uploads\/2024\/10\/scene-with-photorealistic-logistics-operations-proceedings-1024x574.jpg","contentUrl":"https:\/\/www.appeltrans.com\/wp-content\/uploads\/2024\/10\/scene-with-photorealistic-logistics-operations-proceedings-1024x574.jpg"},{"@type":"BreadcrumbList","@id":"https:\/\/www.appeltrans.com\/2026\/02\/07\/transport_maritime_26\/#breadcrumb","itemListElement":[{"@type":"ListItem","position":1,"name":"Home","item":"https:\/\/www.appeltrans.com\/"},{"@type":"ListItem","position":2,"name":"Transport maritime : un pilier strat\u00e9gique du commerce international"}]},{"@type":"WebSite","@id":"https:\/\/www.appeltrans.com\/#website","url":"https:\/\/www.appeltrans.com\/","name":"APPELTRANS","description":"transport international- transit maroc-transport routier maroc- transport national","publisher":{"@id":"https:\/\/www.appeltrans.com\/#organization"},"potentialAction":[{"@type":"SearchAction","target":{"@type":"EntryPoint","urlTemplate":"https:\/\/www.appeltrans.com\/?s={search_term_string}"},"query-input":{"@type":"PropertyValueSpecification","valueRequired":true,"valueName":"search_term_string"}}],"inLanguage":"en-US"},{"@type":"Organization","@id":"https:\/\/www.appeltrans.com\/#organization","name":"APPELTRANS","url":"https:\/\/www.appeltrans.com\/","logo":{"@type":"ImageObject","inLanguage":"en-US","@id":"https:\/\/www.appeltrans.com\/#\/schema\/logo\/image\/","url":"https:\/\/www.appeltrans.com\/wp-content\/uploads\/2024\/10\/cropped-logo.png","contentUrl":"https:\/\/www.appeltrans.com\/wp-content\/uploads\/2024\/10\/cropped-logo.png","width":512,"height":512,"caption":"APPELTRANS"},"image":{"@id":"https:\/\/www.appeltrans.com\/#\/schema\/logo\/image\/"},"publishingPrinciples":"https:\/\/www.appeltrans.com\/"},{"@type":"Person","@id":"https:\/\/www.appeltrans.com\/#\/schema\/person\/c86eaff08dcd4f7baaec55746a9413cf","name":"Iliass Ouchida","image":{"@type":"ImageObject","inLanguage":"en-US","@id":"https:\/\/secure.gravatar.com\/avatar\/9d97b51425d0f56ef6d6f35041d7949c0dbfda23c41e229a0ceed392cff635c9?s=96&d=mm&r=g","url":"https:\/\/secure.gravatar.com\/avatar\/9d97b51425d0f56ef6d6f35041d7949c0dbfda23c41e229a0ceed392cff635c9?s=96&d=mm&r=g","contentUrl":"https:\/\/secure.gravatar.com\/avatar\/9d97b51425d0f56ef6d6f35041d7949c0dbfda23c41e229a0ceed392cff635c9?s=96&d=mm&r=g","caption":"Iliass Ouchida"},"url":"https:\/\/www.appeltrans.com\/en\/author\/appeltrans-2\/"}]}},"_links":{"self":[{"href":"https:\/\/www.appeltrans.com\/en\/wp-json\/wp\/v2\/posts\/13980","targetHints":{"allow":["GET"]}}],"collection":[{"href":"https:\/\/www.appeltrans.com\/en\/wp-json\/wp\/v2\/posts"}],"about":[{"href":"https:\/\/www.appeltrans.com\/en\/wp-json\/wp\/v2\/types\/post"}],"author":[{"embeddable":true,"href":"https:\/\/www.appeltrans.com\/en\/wp-json\/wp\/v2\/users\/3"}],"replies":[{"embeddable":true,"href":"https:\/\/www.appeltrans.com\/en\/wp-json\/wp\/v2\/comments?post=13980"}],"version-history":[{"count":0,"href":"https:\/\/www.appeltrans.com\/en\/wp-json\/wp\/v2\/posts\/13980\/revisions"}],"wp:attachment":[{"href":"https:\/\/www.appeltrans.com\/en\/wp-json\/wp\/v2\/media?parent=13980"}],"wp:term":[{"taxonomy":"category","embeddable":true,"href":"https:\/\/www.appeltrans.com\/en\/wp-json\/wp\/v2\/categories?post=13980"},{"taxonomy":"post_tag","embeddable":true,"href":"https:\/\/www.appeltrans.com\/en\/wp-json\/wp\/v2\/tags?post=13980"}],"curies":[{"name":"wp","href":"https:\/\/api.w.org\/{rel}","templated":true}]}}